{"id":766,"date":"2017-08-22T14:43:33","date_gmt":"2017-08-22T12:43:33","guid":{"rendered":"https:\/\/klubb.ungoteket.se\/orientering\/?p=766"},"modified":"2017-08-22T14:43:33","modified_gmt":"2017-08-22T12:43:33","slug":"nu-ar-anmalan-oppen","status":"publish","type":"post","link":"https:\/\/klubb.ungoteket.se\/orientering\/2017\/08\/22\/nu-ar-anmalan-oppen\/","title":{"rendered":"Nu \u00e4r anm\u00e4lan \u00f6ppen!"},"content":{"rendered":"<p>Just precis! Fr\u00e5n och med idag g\u00e5r det att anm\u00e4la sig till Ungoteket som startar i november. \u00c4r du \u00f6ver 14 \u00e5r och sugen p\u00e5 att arrangera en egen orienteringsaktivitet tillsammans med dina klubbkompisar? Kanske har du g\u00e5tt och gnagt p\u00e5 en id\u00e9 som nu \u00e4ntligen f\u00e5r chans att bli verklighet? Eller \u00e4r du engagerad i en f\u00f6rening d\u00e4r det finns ungdomar som vill ta mer plats? Kanske kan du vara deras mentor i Ungoteket?<\/p>\n<p>Anm\u00e4lan \u00e4r \u00f6ppen till och med 31 oktober.<\/p>\n<p>V\u00e4lkomna till Ungoteket 2017-2018!<\/p>\n<p><a href=\"https:\/\/klubb.ungoteket.se\/orientering\/anmalan\/\">TILL ANM\u00c4LAN<\/a><\/p>\n","protected":false},"excerpt":{"rendered":"<p>Just precis! Fr\u00e5n och med idag g\u00e5r det att anm\u00e4la sig till Ungoteket som startar i november. \u00c4r du \u00f6ver 14 \u00e5r och sugen p\u00e5 att arrangera en egen orienteringsaktivitet tillsammans med dina klubbkompisar? Kanske har du g\u00e5tt och gnagt p\u00e5 en id\u00e9 som nu \u00e4ntligen f\u00e5r chans att bli verklighet? Eller \u00e4r du engagerad [&hellip;]<\/p>\n","protected":false},"author":1,"featured_media":700,"comment_status":"closed","ping_status":"closed","sticky":false,"template":"","format":"standard","meta":{"footnotes":""},"categories":[1],"tags":[],"_links":{"self":[{"href":"https:\/\/klubb.ungoteket.se\/orientering\/wp-json\/wp\/v2\/posts\/766"}],"collection":[{"href":"https:\/\/klubb.ungoteket.se\/orientering\/wp-json\/wp\/v2\/posts"}],"about":[{"href":"https:\/\/klubb.ungoteket.se\/orientering\/wp-json\/wp\/v2\/types\/post"}],"author":[{"embeddable":true,"href":"https:\/\/klubb.ungoteket.se\/orientering\/wp-json\/wp\/v2\/users\/1"}],"replies":[{"embeddable":true,"href":"https:\/\/klubb.ungoteket.se\/orientering\/wp-json\/wp\/v2\/comments?post=766"}],"version-history":[{"count":0,"href":"https:\/\/klubb.ungoteket.se\/orientering\/wp-json\/wp\/v2\/posts\/766\/revisions"}],"wp:featuredmedia":[{"embeddable":true,"href":"https:\/\/klubb.ungoteket.se\/orientering\/wp-json\/wp\/v2\/media\/700"}],"wp:attachment":[{"href":"https:\/\/klubb.ungoteket.se\/orientering\/wp-json\/wp\/v2\/media?parent=766"}],"wp:term":[{"taxonomy":"category","embeddable":true,"href":"https:\/\/klubb.ungoteket.se\/orientering\/wp-json\/wp\/v2\/categories?post=766"},{"taxonomy":"post_tag","embeddable":true,"href":"https:\/\/klubb.ungoteket.se\/orientering\/wp-json\/wp\/v2\/tags?post=766"}],"curies":[{"name":"wp","href":"https:\/\/api.w.org\/{rel}","templated":true}]}}