{"id":545,"date":"2017-06-14T08:24:12","date_gmt":"2017-06-14T06:24:12","guid":{"rendered":"https:\/\/klubb.ungoteket.se\/orientering\/?p=545"},"modified":"2017-06-14T14:25:59","modified_gmt":"2017-06-14T12:25:59","slug":"nu-ar-det-klart-nasta-ars-ungoteketprogram","status":"publish","type":"post","link":"https:\/\/klubb.ungoteket.se\/orientering\/2017\/06\/14\/nu-ar-det-klart-nasta-ars-ungoteketprogram\/","title":{"rendered":"Nu \u00e4r det klart &#8211; n\u00e4sta \u00e5rs Ungoteketprogram!"},"content":{"rendered":"<p>Nu kan vi med gl\u00e4dje presentera n\u00e4sta omg\u00e5ng av Ungoteket, som startar i november\/december i h\u00f6st.<\/p>\n<p>Ungoteket kommer att best\u00e5 av fyra delar, som alla inneh\u00e5ller teoretiska och praktiska \u00f6vningar ledda av experter p\u00e5 varje omr\u00e5de. P\u00e5 tre av de fyra delarna, har ni som \u00e4r med m\u00f6jlighet att v\u00e4lja mellan tv\u00e5 datum. Detta f\u00f6r att det ska fungera smidigare f\u00f6r deltagande f\u00f6reningar.<\/p>\n<p>H\u00e4r \u00e4r programmet f\u00f6r Ungoteket 2017-2018:<\/p>\n<p>Del 1: Idrottsf\u00f6reningen, Information &amp; kommunikation och F\u00f6reningsprojekt<br \/>\nV\u00e4lj mellan l\u00f6rdag 25 november eller l\u00f6rdag 2 december<\/p>\n<p>Del 2: Arrangera, Orienterings-IT och Ledarskap<br \/>\n3-4 februari i Vara<\/p>\n<p>Del 3: Banl\u00e4ggning<br \/>\nV\u00e4lj mellan l\u00f6rdag 17 mars eller onsdag 28 mars<\/p>\n<p>Del 4: Kartritning<br \/>\nV\u00e4lj mellan l\u00f6rdag 19 maj eller s\u00f6ndag 17 juni<\/p>\n<p>Ut\u00f6ver detta genomf\u00f6r deltagarna sitt F\u00f6reningsprojekt samt en \u00e5tertr\u00e4ff med utv\u00e4rdering.<\/p>\n<p><a href=\"https:\/\/klubb.ungoteket.se\/orientering\/ungoteket-2017-2018\/\">H\u00e4r kan du l\u00e4sa mer om n\u00e4sta \u00e5rs program!<\/a><\/p>\n<p><a href=\"https:\/\/klubb.ungoteket.se\/orientering\/anmalan-stangd\/\">Anm\u00e4lan hittar ni h\u00e4r p\u00e5 hemsidan<\/a> och den \u00f6ppnar tisdag 22 augusti. Men redan nu kan ni som \u00e4r f\u00f6dda 2004 eller tidigare, b\u00f6rja bilda ert team om 2-6 personer och best\u00e4mma vem som ska vara mentor. Och kanske till och med b\u00f6rja sp\u00e5na p\u00e5 vad ni vill g\u00f6ra f\u00f6r F\u00f6reningsprojekt?<\/p>\n<p>Hoppas vi ses i h\u00f6st!<\/p>\n<p>H\u00e4lsar Ungoteket<\/p>\n<p>&nbsp;<\/p>\n","protected":false},"excerpt":{"rendered":"<p>Nu kan vi med gl\u00e4dje presentera n\u00e4sta omg\u00e5ng av Ungoteket, som startar i november\/december i h\u00f6st. Ungoteket kommer att best\u00e5 av fyra delar, som alla inneh\u00e5ller teoretiska och praktiska \u00f6vningar ledda av experter p\u00e5 varje omr\u00e5de. P\u00e5 tre av de fyra delarna, har ni som \u00e4r med m\u00f6jlighet att v\u00e4lja mellan tv\u00e5 datum. Detta f\u00f6r [&hellip;]<\/p>\n","protected":false},"author":1,"featured_media":349,"comment_status":"closed","ping_status":"closed","sticky":false,"template":"","format":"standard","meta":{"footnotes":""},"categories":[1],"tags":[],"_links":{"self":[{"href":"https:\/\/klubb.ungoteket.se\/orientering\/wp-json\/wp\/v2\/posts\/545"}],"collection":[{"href":"https:\/\/klubb.ungoteket.se\/orientering\/wp-json\/wp\/v2\/posts"}],"about":[{"href":"https:\/\/klubb.ungoteket.se\/orientering\/wp-json\/wp\/v2\/types\/post"}],"author":[{"embeddable":true,"href":"https:\/\/klubb.ungoteket.se\/orientering\/wp-json\/wp\/v2\/users\/1"}],"replies":[{"embeddable":true,"href":"https:\/\/klubb.ungoteket.se\/orientering\/wp-json\/wp\/v2\/comments?post=545"}],"version-history":[{"count":0,"href":"https:\/\/klubb.ungoteket.se\/orientering\/wp-json\/wp\/v2\/posts\/545\/revisions"}],"wp:featuredmedia":[{"embeddable":true,"href":"https:\/\/klubb.ungoteket.se\/orientering\/wp-json\/wp\/v2\/media\/349"}],"wp:attachment":[{"href":"https:\/\/klubb.ungoteket.se\/orientering\/wp-json\/wp\/v2\/media?parent=545"}],"wp:term":[{"taxonomy":"category","embeddable":true,"href":"https:\/\/klubb.ungoteket.se\/orientering\/wp-json\/wp\/v2\/categories?post=545"},{"taxonomy":"post_tag","embeddable":true,"href":"https:\/\/klubb.ungoteket.se\/orientering\/wp-json\/wp\/v2\/tags?post=545"}],"curies":[{"name":"wp","href":"https:\/\/api.w.org\/{rel}","templated":true}]}}