{"id":4324,"date":"2020-09-28T11:17:42","date_gmt":"2020-09-28T09:17:42","guid":{"rendered":"https:\/\/klubb.ungoteket.se\/orientering\/?p=4324"},"modified":"2020-09-28T12:51:50","modified_gmt":"2020-09-28T10:51:50","slug":"orintos-knasiga-trio","status":"publish","type":"post","link":"https:\/\/klubb.ungoteket.se\/orientering\/2020\/09\/28\/orintos-knasiga-trio\/","title":{"rendered":"Orintos knasiga trio"},"content":{"rendered":"\n<p><strong>Ungoteket finns f\u00f6r att orienteringsungdomars engagemang och id\u00e9er ska f\u00e5 utrymme i f\u00f6reningarna, en chans som den p\u00e5hittiga trion Emil, Olle och Gustav i OK Orinto tagit v\u00e4l vara p\u00e5.<\/strong><\/p>\n\n\n\n<p>F\u00f6r tv\u00e5 \u00e5r sedan anm\u00e4lde sig Emil Sundstr\u00f6m, Olle Elfstr\u00f6m och Gustav Bohman till Ungoteket. Redan p\u00e5 den f\u00f6rsta tr\u00e4ffen n\u00e4r trion fick b\u00f6rja fundera \u00f6ver vilket f\u00f6reningsprojekt de ville g\u00f6ra, f\u00f6ddes id\u00e9n om Knas-OL &#8211; en orienteringst\u00e4vling med knasiga kontroller. Under Ungoteket\u00e5ret utvecklades id\u00e9n till ett verkligt arrangemang som \u00e4gde rum i maj 2019. <a rel=\"noreferrer noopener\" aria-label=\"Den t\u00e4vlingen kan du l\u00e4sa mer om h\u00e4r! (\u00f6ppnas i en ny flik)\" href=\"https:\/\/klubb.ungoteket.se\/orientering\/2019\/05\/31\/knasigt-varre-nar-orinto-arrangerade\/\" target=\"_blank\">Den t\u00e4vlingen kan du l\u00e4sa mer om h\u00e4r!<\/a><\/p>\n\n\n\n<p>Precis som de flesta andra Ungotekare fick g\u00e4nget mersmak och siktade p\u00e5 att arrangera Knas-OL \u00e4ven \u00e5ret efter och s\u00e5 blev det! <a rel=\"noreferrer noopener\" aria-label=\"Knas-OL 2020 (\u00f6ppnas i en ny flik)\" href=\"https:\/\/eventor.orientering.se\/Events\/Show\/29860\" target=\"_blank\">Knas-OL 2020<\/a> gick, med anpassningar till Coronapandemin, av stapeln i v\u00e5ras och den h\u00e4r g\u00e5ngen med \u00e4nnu mer knas i omr\u00e5det kring Orintostugan. S\u00e5 som en kontroll p\u00e5 en flotte i sj\u00f6n, dit deltagarna var tvungna att simma (\u00e4ven om n\u00e5gon visst r\u00e5kade hitta en kanot), kontroller med g\u00e5tor och den sluga &#8221;Guldr\u00e4ven&#8221; &#8211; en figur med tuta som sprang, cyklade eller till och med paddlade sig fram och som hade extra mycket po\u00e4ng i potten. <\/p>\n\n\n\n<figure class=\"wp-block-image size-large\"><img loading=\"lazy\" decoding=\"async\" width=\"1030\" height=\"687\" src=\"https:\/\/klubb.ungoteket.se\/orientering\/wp-content\/uploads\/sites\/4\/2020\/09\/DSC_0001-1030x687.jpg\" alt=\"\" class=\"wp-image-4330\" srcset=\"https:\/\/klubb.ungoteket.se\/orientering\/wp-content\/uploads\/sites\/4\/2020\/09\/DSC_0001-1030x687.jpg 1030w, https:\/\/klubb.ungoteket.se\/orientering\/wp-content\/uploads\/sites\/4\/2020\/09\/DSC_0001-300x200.jpg 300w, https:\/\/klubb.ungoteket.se\/orientering\/wp-content\/uploads\/sites\/4\/2020\/09\/DSC_0001-768x512.jpg 768w, https:\/\/klubb.ungoteket.se\/orientering\/wp-content\/uploads\/sites\/4\/2020\/09\/DSC_0001-1536x1024.jpg 1536w, https:\/\/klubb.ungoteket.se\/orientering\/wp-content\/uploads\/sites\/4\/2020\/09\/DSC_0001-2048x1365.jpg 2048w, https:\/\/klubb.ungoteket.se\/orientering\/wp-content\/uploads\/sites\/4\/2020\/09\/DSC_0001-1500x1000.jpg 1500w, https:\/\/klubb.ungoteket.se\/orientering\/wp-content\/uploads\/sites\/4\/2020\/09\/DSC_0001-705x470.jpg 705w, https:\/\/klubb.ungoteket.se\/orientering\/wp-content\/uploads\/sites\/4\/2020\/09\/DSC_0001-450x300.jpg 450w\" sizes=\"(max-width: 1030px) 100vw, 1030px\" \/><figcaption>S\u00e5 h\u00e4r s\u00e5g det ut strax f\u00f6re start i f\u00f6rsta upplagan av Knas-OL.<\/figcaption><\/figure>\n\n\n\n<p>&#8221;Knas-OL var uppskattat redan f\u00f6rsta \u00e5ret och det var m\u00e5nga som bad om en repris, s\u00e5 det var roligt att g\u00f6ra det igen&#8221; ber\u00e4ttar Emil Sundstr\u00f6m. &#8221;F\u00f6rutom Knas-OL s\u00e5 har vi \u00e4ven arrangerat n\u00e5gra tr\u00e4ningar f\u00f6r klubben och julavslutningen Skinkloppet f\u00f6rra \u00e5ret. P\u00e5 julavslutningen ville vi vara p\u00e5 n\u00e5got helt nytt st\u00e4lle och springa, vilket resulterade i att vi hittade ett omr\u00e5de med en 30 \u00e5r gammal karta. Vi tyckte att det blev en rolig grej att springa p\u00e5 en s\u00e5 gammal karta och det var ocks\u00e5 uppskattat av deltagarna&#8221; ber\u00e4ttar Emil vidare.<\/p>\n\n\n\n<p>Killarna kompletterar varandra bra och en del uppgifter delar de upp mellan sig. Emil ser till att n\u00e5 ut med information och skriver inbjudan, PM, inl\u00e4gg p\u00e5 hemsidan med mera, Gustav trivs att ansvara f\u00f6r starten och Olle har sinne f\u00f6r det som r\u00f6r tekniken, som anm\u00e4lan, tidtagning, utl\u00e4sning och kart- och banfiler. F\u00f6r att f\u00e5 till po\u00e4ngr\u00e4kning och till\u00e4ggstid f\u00f6r deltagarna i Knas-OL luskade Olle ut hur han skulle g\u00f6ra i programmet MeOS. <\/p>\n\n\n\n<p>&#8221;Annars har vi alla lite liknande uppgifter, som att s\u00e4tta ut kontroller eller komma p\u00e5 id\u00e9er&#8221; f\u00f6rklarar Olle och forts\u00e4tter: &#8221;Just att komma p\u00e5 id\u00e9er brukar fungera v\u00e4ldigt bra f\u00f6r oss. Jag tror vi passar bra ihop n\u00e4r det kommer till den punkten, n\u00e5gon kommer p\u00e5 en lite luddig id\u00e9 som f\u00e5r n\u00e5gon annan att t\u00e4nka i nya banor och pl\u00f6tsligt sitter vi d\u00e4r med ett f\u00e4rdigt Knas-OL!&#8221; \u00c4ven banorna brukar teamet l\u00e4gga tillsammans. <\/p>\n\n\n\n<figure class=\"wp-block-image size-large\"><img loading=\"lazy\" decoding=\"async\" width=\"1030\" height=\"500\" src=\"https:\/\/klubb.ungoteket.se\/orientering\/wp-content\/uploads\/sites\/4\/2020\/09\/DSC_0001-2-1030x500.jpg\" alt=\"\" class=\"wp-image-4349\" srcset=\"https:\/\/klubb.ungoteket.se\/orientering\/wp-content\/uploads\/sites\/4\/2020\/09\/DSC_0001-2-1030x500.jpg 1030w, https:\/\/klubb.ungoteket.se\/orientering\/wp-content\/uploads\/sites\/4\/2020\/09\/DSC_0001-2-300x146.jpg 300w, https:\/\/klubb.ungoteket.se\/orientering\/wp-content\/uploads\/sites\/4\/2020\/09\/DSC_0001-2-768x373.jpg 768w, https:\/\/klubb.ungoteket.se\/orientering\/wp-content\/uploads\/sites\/4\/2020\/09\/DSC_0001-2-1536x746.jpg 1536w, https:\/\/klubb.ungoteket.se\/orientering\/wp-content\/uploads\/sites\/4\/2020\/09\/DSC_0001-2-2048x994.jpg 2048w, https:\/\/klubb.ungoteket.se\/orientering\/wp-content\/uploads\/sites\/4\/2020\/09\/DSC_0001-2-1500x728.jpg 1500w, https:\/\/klubb.ungoteket.se\/orientering\/wp-content\/uploads\/sites\/4\/2020\/09\/DSC_0001-2-705x342.jpg 705w, https:\/\/klubb.ungoteket.se\/orientering\/wp-content\/uploads\/sites\/4\/2020\/09\/DSC_0001-2-450x219.jpg 450w\" sizes=\"(max-width: 1030px) 100vw, 1030px\" \/><figcaption>Fr\u00e5n Ungotekets f\u00f6rsta tr\u00e4ff n\u00e4r id\u00e9n Knas-OL f\u00f6ddes.<\/figcaption><\/figure>\n\n\n\n<p>&#8221;Vi hade inte gjort s\u00e5 h\u00e4r mycket och inte heller s\u00e5 bra om vi inte hade varit med i Ungoteket, s\u00e5 \u00e4r det absolut&#8221;, menar Emil och Jonas Bergdahl, OK Orintos ansvarige f\u00f6r barn- och ungdomskommitt\u00e9n, h\u00e5ller med: <\/p>\n\n\n\n<p>&#8221;Det \u00e4r j\u00e4tteroligt att Olle, Emil och Gustav tar vara p\u00e5 chansen n\u00e4r klubben ger dem m\u00f6jlighet att arrangera. N\u00e4r vi fr\u00e5gade om de ville fixa Knas-OL f\u00f6r klubben igen var de inte r\u00e4dda att tacka ja, precis som n\u00e4r de blev tillfr\u00e5gade att h\u00e5lla i julavslutningen. Arrangemangen har uppskattats av klubben och det har varit deltagare fr\u00e5n hela \u00e5ldersspannet&#8221; ber\u00e4ttar Jonas och till\u00e4gger &#8221;Vi hoppas att killarna vill ta roller med st\u00f6rre ansvar p\u00e5 v\u00e5ra ordinarie arrangemang, n\u00e4r det blir m\u00f6jligt att genomf\u00f6ra dem igen&#8221;.<\/p>\n\n\n\n<p>Det blir sp\u00e4nnande att f\u00f6lja trions fortsatta engagemang och vi kan bara hoppas att Knas-OL blir \u00f6ppet \u00e4ven f\u00f6r andra klubbar!<\/p>\n\n\n\n<figure class=\"wp-block-image size-large\"><img loading=\"lazy\" decoding=\"async\" width=\"1030\" height=\"687\" src=\"https:\/\/klubb.ungoteket.se\/orientering\/wp-content\/uploads\/sites\/4\/2020\/09\/DSC_0047-1030x687.jpg\" alt=\"\" class=\"wp-image-4332\" srcset=\"https:\/\/klubb.ungoteket.se\/orientering\/wp-content\/uploads\/sites\/4\/2020\/09\/DSC_0047-1030x687.jpg 1030w, https:\/\/klubb.ungoteket.se\/orientering\/wp-content\/uploads\/sites\/4\/2020\/09\/DSC_0047-300x200.jpg 300w, https:\/\/klubb.ungoteket.se\/orientering\/wp-content\/uploads\/sites\/4\/2020\/09\/DSC_0047-768x512.jpg 768w, https:\/\/klubb.ungoteket.se\/orientering\/wp-content\/uploads\/sites\/4\/2020\/09\/DSC_0047-1536x1024.jpg 1536w, https:\/\/klubb.ungoteket.se\/orientering\/wp-content\/uploads\/sites\/4\/2020\/09\/DSC_0047-2048x1365.jpg 2048w, https:\/\/klubb.ungoteket.se\/orientering\/wp-content\/uploads\/sites\/4\/2020\/09\/DSC_0047-1500x1000.jpg 1500w, https:\/\/klubb.ungoteket.se\/orientering\/wp-content\/uploads\/sites\/4\/2020\/09\/DSC_0047-705x470.jpg 705w, https:\/\/klubb.ungoteket.se\/orientering\/wp-content\/uploads\/sites\/4\/2020\/09\/DSC_0047-450x300.jpg 450w\" sizes=\"(max-width: 1030px) 100vw, 1030px\" \/><figcaption>Gustav, Emil och Olle s\u00e4tter ut kontroller under Ungotekets banl\u00e4ggningstr\u00e4ff.<\/figcaption><\/figure>\n\n\n\n<p><\/p>\n","protected":false},"excerpt":{"rendered":"<p>Ungoteket finns f\u00f6r att orienteringsungdomars engagemang och id\u00e9er ska f\u00e5 utrymme i f\u00f6reningarna, en chans som den p\u00e5hittiga trion Emil, Olle och Gustav i OK Orinto tagit v\u00e4l vara p\u00e5. F\u00f6r tv\u00e5 \u00e5r sedan anm\u00e4lde sig Emil Sundstr\u00f6m, Olle Elfstr\u00f6m och Gustav Bohman till Ungoteket. Redan p\u00e5 den f\u00f6rsta tr\u00e4ffen n\u00e4r trion fick b\u00f6rja fundera [&hellip;]<\/p>\n","protected":false},"author":1,"featured_media":4392,"comment_status":"closed","ping_status":"closed","sticky":false,"template":"","format":"standard","meta":{"footnotes":""},"categories":[1],"tags":[],"_links":{"self":[{"href":"https:\/\/klubb.ungoteket.se\/orientering\/wp-json\/wp\/v2\/posts\/4324"}],"collection":[{"href":"https:\/\/klubb.ungoteket.se\/orientering\/wp-json\/wp\/v2\/posts"}],"about":[{"href":"https:\/\/klubb.ungoteket.se\/orientering\/wp-json\/wp\/v2\/types\/post"}],"author":[{"embeddable":true,"href":"https:\/\/klubb.ungoteket.se\/orientering\/wp-json\/wp\/v2\/users\/1"}],"replies":[{"embeddable":true,"href":"https:\/\/klubb.ungoteket.se\/orientering\/wp-json\/wp\/v2\/comments?post=4324"}],"version-history":[{"count":13,"href":"https:\/\/klubb.ungoteket.se\/orientering\/wp-json\/wp\/v2\/posts\/4324\/revisions"}],"predecessor-version":[{"id":4398,"href":"https:\/\/klubb.ungoteket.se\/orientering\/wp-json\/wp\/v2\/posts\/4324\/revisions\/4398"}],"wp:featuredmedia":[{"embeddable":true,"href":"https:\/\/klubb.ungoteket.se\/orientering\/wp-json\/wp\/v2\/media\/4392"}],"wp:attachment":[{"href":"https:\/\/klubb.ungoteket.se\/orientering\/wp-json\/wp\/v2\/media?parent=4324"}],"wp:term":[{"taxonomy":"category","embeddable":true,"href":"https:\/\/klubb.ungoteket.se\/orientering\/wp-json\/wp\/v2\/categories?post=4324"},{"taxonomy":"post_tag","embeddable":true,"href":"https:\/\/klubb.ungoteket.se\/orientering\/wp-json\/wp\/v2\/tags?post=4324"}],"curies":[{"name":"wp","href":"https:\/\/api.w.org\/{rel}","templated":true}]}}