{"id":3857,"date":"2019-10-24T14:16:22","date_gmt":"2019-10-24T12:16:22","guid":{"rendered":"https:\/\/klubb.ungoteket.se\/orientering\/?p=3857"},"modified":"2023-02-02T19:21:48","modified_gmt":"2023-02-02T18:21:48","slug":"slutspurt-for-anmalan-till-ungoteket","status":"publish","type":"post","link":"https:\/\/klubb.ungoteket.se\/orientering\/2019\/10\/24\/slutspurt-for-anmalan-till-ungoteket\/","title":{"rendered":"Slutspurt f\u00f6r anm\u00e4lan till Ungoteket"},"content":{"rendered":"\n<p>Nu g\u00e5r vi in p\u00e5 sista veckan f\u00f6r anm\u00e4lan till Ungoteket 2019-2020. <\/p>\n\n\n\n<p>F\u00f6r f\u00f6reningar som vill skapa ett bredare engagemang och intresse bland ungdomarna \u00e4r det allts\u00e5 h\u00f6g tid att f\u00f6rs\u00f6ka s\u00e4tta ihop ett team. Det r\u00e4cker att vara tv\u00e5 i \u00e5ldern 14-25 \u00e5r f\u00f6r att kunna bilda ett Ungoteketteam. <\/p>\n\n\n\n<p>Dessutom beh\u00f6ver teamet ha en mentor som \u00e4r med p\u00e5 tr\u00e4ffarna och st\u00f6ttar dem. Mentorn kan vara en ledare eller funktion\u00e4r i f\u00f6reningen, eller en ungdom som \u00e4r \u00e4ldre \u00e4n ungoteketteamet och som kanske vill utveckla sina ledarkunskaper. Mentorn beh\u00f6ver inte ha n\u00e5gra speciella f\u00f6rkunskaper, utan kan se Ungoteket som en m\u00f6jlighet att l\u00e4ra sig mer om Ungotekets olika delar.<\/p>\n\n\n\n<p>Mentorns fr\u00e4msta uppgift \u00e4r att st\u00f6tta teamet i arbetet med det f\u00f6reningsprojekt som ungdomarna best\u00e4mmer sig f\u00f6r och se till att de tar sig fram\u00e5t, samt hj\u00e4lper dem med att ta n\u00f6dv\u00e4ndiga kontakter.<\/p>\n\n\n\n<p>Totalt handlar Ungoteket om fyra tr\u00e4ffar som  \u00e4r inplanerade fr\u00e5n november till maj. En av tr\u00e4ffarna genomf\u00f6rs i samband med V\u00e4sterg\u00f6tlands utbildningshelg i Vara 1-2 februari omfattar tv\u00e5 dagar med \u00f6vernattning emellan. \u00d6vriga \u00e4r endagstr\u00e4ffar som brukar b\u00f6rja klockan 9 och h\u00e5lla p\u00e5 till 15. Platserna f\u00f6r endagstr\u00e4ffarna \u00e4r inte fastst\u00e4llda, men kommer att anpassas efter vilka f\u00f6reningar som anm\u00e4ler sig. <\/p>\n\n\n\n<p>Dessutom genomf\u00f6r ungdomarna ett eget f\u00f6reningsprojekt som de f\u00e5r v\u00e4lja fritt. Kanske en tr\u00e4ning, ett l\u00e4ger, en nyb\u00f6rjarkurs eller n\u00e5got annat som verkar roligt. <\/p>\n\n\n\n<p>F\u00f6rra \u00e5ret arrangerade Hestras Ungoteketteam ett l\u00e4ger f\u00f6r yngre ungdomar. Du kan se filmen som spelades in under l\u00e4gret <a href=\"https:\/\/www.youtube.com\/watch?v=LtdX-f2fW8w&amp;feature=youtu.be\">h\u00e4r<\/a>.<\/p>\n\n\n\n<p>Hestras l\u00e4ger var ett ganska omfattande projekt som visar hur mycket ungdomarna klarar av n\u00e4r de f\u00e5r chansen. Men det beh\u00f6ver inte alls vara s\u00e5 avancerat. Syftet \u00e4r bara att de ska f\u00e5 m\u00f6jlighet att g\u00f6ra n\u00e5got tillsammans som uppm\u00e4rksammas i klubben.<\/p>\n\n\n\n<p>Missa inte den h\u00e4r chansen att engagerade nya ledare i klubben. Om ni inte har diskuterat det h\u00e4r med ungdomarna, g\u00f6r det!<\/p>\n\n\n\n<p>Anm\u00e4lan \u00e4r \u00f6ppen fram till 31 oktober.<\/p>\n\n\n\n<p><a href=\"https:\/\/docs.google.com\/forms\/d\/e\/1FAIpQLSeojn41lx0BKtZXMXNFVSmqXFZniMYgqgf8pE0ZzuHkgDjSQQ\/viewform\" target=\"_blank\" rel=\"noreferrer noopener\" aria-label=\"Till anm\u00e4lan. (\u00f6ppnas i en ny flik)\">Till anm\u00e4lan.<\/a><\/p>\n","protected":false},"excerpt":{"rendered":"<p>Nu g\u00e5r vi in p\u00e5 sista veckan f\u00f6r anm\u00e4lan till Ungoteket 2019-2020. F\u00f6r f\u00f6reningar som vill skapa ett bredare engagemang och intresse bland ungdomarna \u00e4r det allts\u00e5 h\u00f6g tid att f\u00f6rs\u00f6ka s\u00e4tta ihop ett team. Det r\u00e4cker att vara tv\u00e5 i \u00e5ldern 14-25 \u00e5r f\u00f6r att kunna bilda ett Ungoteketteam. Dessutom beh\u00f6ver teamet ha en [&hellip;]<\/p>\n","protected":false},"author":1,"featured_media":3851,"comment_status":"closed","ping_status":"closed","sticky":false,"template":"","format":"standard","meta":{"footnotes":""},"categories":[1,11],"tags":[],"_links":{"self":[{"href":"https:\/\/klubb.ungoteket.se\/orientering\/wp-json\/wp\/v2\/posts\/3857"}],"collection":[{"href":"https:\/\/klubb.ungoteket.se\/orientering\/wp-json\/wp\/v2\/posts"}],"about":[{"href":"https:\/\/klubb.ungoteket.se\/orientering\/wp-json\/wp\/v2\/types\/post"}],"author":[{"embeddable":true,"href":"https:\/\/klubb.ungoteket.se\/orientering\/wp-json\/wp\/v2\/users\/1"}],"replies":[{"embeddable":true,"href":"https:\/\/klubb.ungoteket.se\/orientering\/wp-json\/wp\/v2\/comments?post=3857"}],"version-history":[{"count":1,"href":"https:\/\/klubb.ungoteket.se\/orientering\/wp-json\/wp\/v2\/posts\/3857\/revisions"}],"predecessor-version":[{"id":5639,"href":"https:\/\/klubb.ungoteket.se\/orientering\/wp-json\/wp\/v2\/posts\/3857\/revisions\/5639"}],"wp:featuredmedia":[{"embeddable":true,"href":"https:\/\/klubb.ungoteket.se\/orientering\/wp-json\/wp\/v2\/media\/3851"}],"wp:attachment":[{"href":"https:\/\/klubb.ungoteket.se\/orientering\/wp-json\/wp\/v2\/media?parent=3857"}],"wp:term":[{"taxonomy":"category","embeddable":true,"href":"https:\/\/klubb.ungoteket.se\/orientering\/wp-json\/wp\/v2\/categories?post=3857"},{"taxonomy":"post_tag","embeddable":true,"href":"https:\/\/klubb.ungoteket.se\/orientering\/wp-json\/wp\/v2\/tags?post=3857"}],"curies":[{"name":"wp","href":"https:\/\/api.w.org\/{rel}","templated":true}]}}