{"id":3837,"date":"2019-10-18T09:24:54","date_gmt":"2019-10-18T07:24:54","guid":{"rendered":"https:\/\/klubb.ungoteket.se\/orientering\/?p=3837"},"modified":"2019-10-18T10:03:27","modified_gmt":"2019-10-18T08:03:27","slug":"dags-for-anmalan-till-ungoteket","status":"publish","type":"post","link":"https:\/\/klubb.ungoteket.se\/orientering\/2019\/10\/18\/dags-for-anmalan-till-ungoteket\/","title":{"rendered":"Dags f\u00f6r anm\u00e4lan till Ungoteket"},"content":{"rendered":"\n<p class=\"has-text-color has-very-dark-gray-color\">Nu \u00e4r det tv\u00e5 veckor kvar att anm\u00e4la sig till Ungoteket. Ytterligare en  s\u00e4song av Ungoteket ligger i startgroparna. Anm\u00e4lan \u00e4r \u00f6ppen till 31  oktober. V\u00e4lkomna med er anm\u00e4lan! <\/p>\n\n\n\n<p><strong>Ungoteket v\u00e4nder sig till ungdomar mellan 14 och 25 \u00e5r<\/strong>. Man f\u00e5r l\u00e4ra sig att leda och arrangera orientering, men det handlar ocks\u00e5 mycket om att st\u00e4rka gemenskapen inom klubbarna och knyta kontakter med ungdomar i andra f\u00f6reningar.<\/p>\n\n\n\n<p><strong>Som extra krydda<\/strong> genomf\u00f6r ungdomarna ocks\u00e5 ett eget projekt d\u00e4r de f\u00e5r chansen att visa vilken resurs de \u00e4r f\u00f6r sina f\u00f6reningar. Sedan starten 2015 har det skapats massor av aktiviteter. Det har ordnats l\u00e4ger, arrangerats olika typer av tr\u00e4ningar och t\u00e4vlingar och \u00e4ven ritats kartor.<\/p>\n\n\n\n<p><strong>Programmet \u00e4r anpassat<\/strong> s\u00e5 att det ska vara enkelt att vara med. Det g\u00e5r att v\u00e4lja p\u00e5 tv\u00e5 olika datum f\u00f6r varje tr\u00e4ff, f\u00f6rutom p\u00e5 den som genomf\u00f6rs i samband med utbildningshelgen i Vara 1-2 februari. Detta f\u00f6r att det ska bli s\u00e5 flexibelt som m\u00f6jligt.<\/p>\n\n\n\n<p><strong>Datum f\u00f6r tr\u00e4ffarna \u00e4r<\/strong><br>23 november eller 7 december (Idrottsf\u00f6reningen och uppstart av f\u00f6reningsprojektet)&nbsp;&nbsp;<br>1-2 februari (Ledarskap, information &amp; kommunikation, arrangera och orienterings-IT)&nbsp;<br>7 mars eller 21 mars (Banl\u00e4ggning)<br>5 april eller 16 maj (Kartritning)<\/p>\n\n\n\n<p>Deltagandet i Ungoteket inklusive utbildningsmateriel, utrustning och m\u00e5ltider p\u00e5 tr\u00e4ffarna \u00e4r \u00e4ven den h\u00e4r omg\u00e5ngen avgiftsfritt f\u00f6r f\u00f6reningarna i V\u00e4sterg\u00f6tland, G\u00f6teborg och Bohusl\u00e4n-Dal (Ungoteket V\u00e4st), tack vara att Arvsfonden \u00e4r med och st\u00f6ttar projektet ytterligare ett \u00e5r.<\/p>\n\n\n\n<p>H\u00e4r finns mer <a href=\"https:\/\/drive.google.com\/file\/d\/1xpQcOTktud1oMvt_NKcZg_fxbR8qDhPJ\/view\">information om Ungoteket<\/a>.&nbsp; Se \u00e4ven p\u00e5 <a href=\"https:\/\/klubb.ungoteket.se\/orientering\/\">Ungotekets hemsida<\/a>.<\/p>\n\n\n\n<p>Anm\u00e4lan hittar ni <a href=\"https:\/\/klubb.ungoteket.se\/orientering\/anmalan-2\/\">h\u00e4r<\/a>.<\/p>\n\n\n\n<p>Tveka inte att kontakta Bertil \u00c5kesson <a href=\"mailto:bertil.vof@vgidrott.se\">bertil.vof@vgidrott.se<\/a> tel. 070-6779806 om du har n\u00e5gra fr\u00e5gor.<\/p>\n","protected":false},"excerpt":{"rendered":"<p>Nu \u00e4r det tv\u00e5 veckor kvar att anm\u00e4la sig till Ungoteket. Ytterligare en s\u00e4song av Ungoteket ligger i startgroparna. Anm\u00e4lan \u00e4r \u00f6ppen till 31 oktober. V\u00e4lkomna med er anm\u00e4lan! Ungoteket v\u00e4nder sig till ungdomar mellan 14 och 25 \u00e5r. Man f\u00e5r l\u00e4ra sig att leda och arrangera orientering, men det handlar ocks\u00e5 mycket om att [&hellip;]<\/p>\n","protected":false},"author":1,"featured_media":3848,"comment_status":"closed","ping_status":"closed","sticky":false,"template":"","format":"standard","meta":{"footnotes":""},"categories":[1],"tags":[],"_links":{"self":[{"href":"https:\/\/klubb.ungoteket.se\/orientering\/wp-json\/wp\/v2\/posts\/3837"}],"collection":[{"href":"https:\/\/klubb.ungoteket.se\/orientering\/wp-json\/wp\/v2\/posts"}],"about":[{"href":"https:\/\/klubb.ungoteket.se\/orientering\/wp-json\/wp\/v2\/types\/post"}],"author":[{"embeddable":true,"href":"https:\/\/klubb.ungoteket.se\/orientering\/wp-json\/wp\/v2\/users\/1"}],"replies":[{"embeddable":true,"href":"https:\/\/klubb.ungoteket.se\/orientering\/wp-json\/wp\/v2\/comments?post=3837"}],"version-history":[{"count":0,"href":"https:\/\/klubb.ungoteket.se\/orientering\/wp-json\/wp\/v2\/posts\/3837\/revisions"}],"wp:featuredmedia":[{"embeddable":true,"href":"https:\/\/klubb.ungoteket.se\/orientering\/wp-json\/wp\/v2\/media\/3848"}],"wp:attachment":[{"href":"https:\/\/klubb.ungoteket.se\/orientering\/wp-json\/wp\/v2\/media?parent=3837"}],"wp:term":[{"taxonomy":"category","embeddable":true,"href":"https:\/\/klubb.ungoteket.se\/orientering\/wp-json\/wp\/v2\/categories?post=3837"},{"taxonomy":"post_tag","embeddable":true,"href":"https:\/\/klubb.ungoteket.se\/orientering\/wp-json\/wp\/v2\/tags?post=3837"}],"curies":[{"name":"wp","href":"https:\/\/api.w.org\/{rel}","templated":true}]}}