{"id":2858,"date":"2019-02-18T11:46:30","date_gmt":"2019-02-18T10:46:30","guid":{"rendered":"https:\/\/klubb.ungoteket.se\/orientering\/?p=2858"},"modified":"2019-02-18T11:46:30","modified_gmt":"2019-02-18T10:46:30","slug":"tack-arvsfonden-ungotekets-framtid-sakrad-fram-till-sommaren-2020","status":"publish","type":"post","link":"https:\/\/klubb.ungoteket.se\/orientering\/2019\/02\/18\/tack-arvsfonden-ungotekets-framtid-sakrad-fram-till-sommaren-2020\/","title":{"rendered":"Tack Arvsfonden! Ungotekets framtid s\u00e4krad fram till sommaren 2020"},"content":{"rendered":"<p>Alla som gillar Ungoteket kan fira idag, f\u00f6r nu \u00e4r det klart: Arvsfonden har godk\u00e4nt v\u00e5r ans\u00f6kan f\u00f6r ytterligare ett \u00e5rs bidrag f\u00f6r att genomf\u00f6ra och forts\u00e4tta utveckla Ungoteket! Projektet har sedan tidigare f\u00e5tt medel f\u00f6r totalt tv\u00e5 \u00e5r och fr\u00e5n Arvsfonden g\u00e5r det att f\u00e5 max tre \u00e5rs bidrag f\u00f6r ett projekt. Nu har vi allts\u00e5 f\u00e5tt ok p\u00e5 \u00e4ven det sista \u00e5ret. Pengarna kommer anv\u00e4ndas till att g\u00f6ra Ungoteket \u00e4nnu b\u00e4ttre (\u00e4n vad det redan \u00e4r!).<\/p>\n<p>Under det tredje bidrags\u00e5ret kommer vi att forts\u00e4tta driva Ungoteket V\u00e4st s\u00e5 att deltagande \u00e4r gratis, vi ska utveckla och kvalitetss\u00e4kra utbildnings- och handledningsmaterialet, forts\u00e4tta sprida id\u00e9n till resten av Orienteringssverige, ta klivet och &#8221;\u00f6vers\u00e4tta&#8221; Ungoteket till andra idrotter (undrar vilken som blir f\u00f6rst ut?) och vi ska utveckla en strategi f\u00f6r hur Ungoteket ska g\u00e5 fr\u00e5n ett projekt till ordinarie verksamhet som stabiliserar sig och finns kvar f\u00f6r all framtid.<\/p>\n<p>Nytt f\u00f6r n\u00e4sta \u00e5r blir att andra distrikt kommer att kunna s\u00f6ka bidrag till sitt genomf\u00f6rande av Ungoteket. Varje orienteringsdistrikt som genomf\u00f6r Ungoteket under 2019-2020 kommer kunna s\u00f6ka bidrag f\u00f6r upp till 15 000 kr, f\u00f6r till exempel lokalhyra, f\u00f6rel\u00e4sararvoden och mat som deltagarna f\u00e5r p\u00e5 utbildningstr\u00e4ffarna. Vi kommer ocks\u00e5, precis som vi g\u00f6r i \u00e5r, att kunna ge alla Sveriges Ungoteketdeltagare en Ungoteket-funktionstr\u00f6ja.<\/p>\n<p>&#8211; Det k\u00e4nns fantastiskt roligt, vi \u00e4r s\u00e5 glada att samarbeta med Arvsfonden som har gjort det m\u00f6jligt f\u00f6r Ungoteket att utvecklas till vad det \u00e4r idag. Och att nu kunna ta ytterligare steg fram\u00e5t \u00e4r superkul! s\u00e4ger Ungoteket Klubbs projektledare Hanna Nordl\u00f6f. F\u00f6r till\u00e4ggas b\u00f6r, att det \u00e4r Ungoteket Klubb som samarbetar med Arvsfonden. Ungoteket Riks har andra samarbetspartners och finansieras med andra medel.<\/p>\n<p>En av upphovsmakarna till Ungoteket \u00e4r Magnus Sundmark, verksamhetsledare p\u00e5 V\u00e4sterg\u00f6tlands Orienteringsf\u00f6rbund. Han var med och tog fram id\u00e9n, namnet och gjorde \u00e4ven den f\u00f6rsta ans\u00f6kan till Arvsfonden som projektet fick igenom h\u00f6sten 2016.<\/p>\n<p>&#8211; Det \u00e4r s\u00e5klart oerh\u00f6rt roligt att Arvsfonden forts\u00e4tter att tro p\u00e5 Ungoteket och att vi f\u00e5r den h\u00e4r m\u00f6jligheten, ber\u00e4ttar Magnus och forts\u00e4tter: Ungoteket kan bli hur stort som helst, s\u00e4rskilt om vi utvidgar konceptet till andra idrotter. Men givetvis \u00e4r det orienteringen som vi brinner f\u00f6r och det \u00e4r d\u00e4r vi kommer satsa allra mest.<\/p>\n<p>Med det nya bidraget \u00e4r Ungotekets framtid s\u00e4krad till och med juni 2020. Har du inte redan hoppat p\u00e5 Ungoteketresan s\u00e5 \u00e4r det dags att g\u00f6ra det n\u00e4sta \u00e5r!<\/p>\n","protected":false},"excerpt":{"rendered":"<p>Alla som gillar Ungoteket kan fira idag, f\u00f6r nu \u00e4r det klart: Arvsfonden har godk\u00e4nt v\u00e5r ans\u00f6kan f\u00f6r ytterligare ett \u00e5rs bidrag f\u00f6r att genomf\u00f6ra och forts\u00e4tta utveckla Ungoteket! Projektet har sedan tidigare f\u00e5tt medel f\u00f6r totalt tv\u00e5 \u00e5r och fr\u00e5n Arvsfonden g\u00e5r det att f\u00e5 max tre \u00e5rs bidrag f\u00f6r ett projekt. Nu har [&hellip;]<\/p>\n","protected":false},"author":1,"featured_media":1876,"comment_status":"closed","ping_status":"closed","sticky":false,"template":"","format":"standard","meta":{"footnotes":""},"categories":[1],"tags":[],"_links":{"self":[{"href":"https:\/\/klubb.ungoteket.se\/orientering\/wp-json\/wp\/v2\/posts\/2858"}],"collection":[{"href":"https:\/\/klubb.ungoteket.se\/orientering\/wp-json\/wp\/v2\/posts"}],"about":[{"href":"https:\/\/klubb.ungoteket.se\/orientering\/wp-json\/wp\/v2\/types\/post"}],"author":[{"embeddable":true,"href":"https:\/\/klubb.ungoteket.se\/orientering\/wp-json\/wp\/v2\/users\/1"}],"replies":[{"embeddable":true,"href":"https:\/\/klubb.ungoteket.se\/orientering\/wp-json\/wp\/v2\/comments?post=2858"}],"version-history":[{"count":0,"href":"https:\/\/klubb.ungoteket.se\/orientering\/wp-json\/wp\/v2\/posts\/2858\/revisions"}],"wp:featuredmedia":[{"embeddable":true,"href":"https:\/\/klubb.ungoteket.se\/orientering\/wp-json\/wp\/v2\/media\/1876"}],"wp:attachment":[{"href":"https:\/\/klubb.ungoteket.se\/orientering\/wp-json\/wp\/v2\/media?parent=2858"}],"wp:term":[{"taxonomy":"category","embeddable":true,"href":"https:\/\/klubb.ungoteket.se\/orientering\/wp-json\/wp\/v2\/categories?post=2858"},{"taxonomy":"post_tag","embeddable":true,"href":"https:\/\/klubb.ungoteket.se\/orientering\/wp-json\/wp\/v2\/tags?post=2858"}],"curies":[{"name":"wp","href":"https:\/\/api.w.org\/{rel}","templated":true}]}}