{"id":2736,"date":"2019-01-15T10:52:09","date_gmt":"2019-01-15T09:52:09","guid":{"rendered":"https:\/\/klubb.ungoteket.se\/orientering\/?p=2736"},"modified":"2019-01-15T10:53:35","modified_gmt":"2019-01-15T09:53:35","slug":"ungoteket-flyttar-in-hos-dalarna","status":"publish","type":"post","link":"https:\/\/klubb.ungoteket.se\/orientering\/2019\/01\/15\/ungoteket-flyttar-in-hos-dalarna\/","title":{"rendered":"Ungoteket flyttar in hos Dalarna"},"content":{"rendered":"<p>Ungoteket forts\u00e4tter att spridas runt om i Sverige. N\u00e4sta distrikt att h\u00e4nga p\u00e5 \u00e4r Dalarna! Den drivande bakom Ungoteket Dalarna heter Jakob Wedman, en mycket engagerad ledare i Ludvika OK samt junioransvarig i Dalarnas Orienteringsf\u00f6rbund. Ungoteket Dalarna arrangeras av Ludvika OK tillsammans med Dalarnas Orienteringsf\u00f6rbund.<\/p>\n<p>&#8211;\u00a0Ledarutbildning f\u00f6r unga orienterare \u00e4r viktigt och det material som tagits fram inom Ungoteket g\u00f6r att det \u00e4r s\u00e5 mycket l\u00e4ttare att h\u00e5lla utbildningar j\u00e4mf\u00f6rt med att f\u00f6rbereda allting sj\u00e4lv. Vi har tidigare testat att h\u00e5lla nyb\u00f6rjarkurser f\u00f6r vuxna enligt det koncept som G\u00f6teborg-Majorna OK tagit fram och jag tycker att det \u00e4r fantastiskt att man hj\u00e4lper varandra inom orienteringsr\u00f6relsen p\u00e5 det h\u00e4r s\u00e4ttet. Nu har vi m\u00e5nga ungdomar och juniorer i v\u00e5r klubb och jag hoppas att n\u00e5gra av de kan, och vill, h\u00e4nga p\u00e5 Ungoteket, ber\u00e4ttar Jakob.<\/p>\n<p>Ungoteket Dalarna kommer att genomf\u00f6ras under tv\u00e5 helger med \u00f6vernattning, 9-10 februari (tema: Idrottsf\u00f6reningen, Information &amp; kommunikation, Ledarskap, Arrangera och Orienterings-IT) och 16-17 mars (banl\u00e4ggning och kartritning).<\/p>\n<p>&#8211;\u00a0Det \u00e4r en sv\u00e5righet \u00e4r att hitta helger d\u00e5 deltagare och ledare inte \u00e4r upptagna med annat och d\u00e4rf\u00f6r f\u00f6rs\u00f6ker vi med endast tv\u00e5 helger med \u00f6vernattning. Den f\u00f6rsta helgen blir mest inomhus och sedan hoppas vi att vi hunnit f\u00e5 lite v\u00e5r till den andra helgen d\u00e5 det blir banl\u00e4ggning och kartritning, f\u00f6rklarar Jakob vidare.<\/p>\n<p>Anm\u00e4lan till Ungoteket Dalarna \u00e4r \u00f6ppen fram till och med 3 februari. Anm\u00e4lan och programmet med mer information, <a href=\"https:\/\/klubb.ungoteket.se\/orientering\/ungoteket-dalarna-2018-2019\/\">g\u00e5r att hitta h\u00e4r<\/a>.<\/p>\n<p>&#8211;\u00a0Jag ser det \u00e4r h\u00e4r som ett f\u00f6rs\u00f6k och jag hoppas att det blir s\u00e5 lyckat att Dalarnas Orienteringsf\u00f6rbund kommer att vilja genomf\u00f6ra Ungoteket \u00e4ven kommande \u00e5r, avslutar Jakob.<\/p>\n","protected":false},"excerpt":{"rendered":"<p>Ungoteket forts\u00e4tter att spridas runt om i Sverige. N\u00e4sta distrikt att h\u00e4nga p\u00e5 \u00e4r Dalarna! Den drivande bakom Ungoteket Dalarna heter Jakob Wedman, en mycket engagerad ledare i Ludvika OK samt junioransvarig i Dalarnas Orienteringsf\u00f6rbund. Ungoteket Dalarna arrangeras av Ludvika OK tillsammans med Dalarnas Orienteringsf\u00f6rbund. &#8211;\u00a0Ledarutbildning f\u00f6r unga orienterare \u00e4r viktigt och det material som [&hellip;]<\/p>\n","protected":false},"author":1,"featured_media":2737,"comment_status":"closed","ping_status":"closed","sticky":false,"template":"","format":"standard","meta":{"footnotes":""},"categories":[1],"tags":[],"_links":{"self":[{"href":"https:\/\/klubb.ungoteket.se\/orientering\/wp-json\/wp\/v2\/posts\/2736"}],"collection":[{"href":"https:\/\/klubb.ungoteket.se\/orientering\/wp-json\/wp\/v2\/posts"}],"about":[{"href":"https:\/\/klubb.ungoteket.se\/orientering\/wp-json\/wp\/v2\/types\/post"}],"author":[{"embeddable":true,"href":"https:\/\/klubb.ungoteket.se\/orientering\/wp-json\/wp\/v2\/users\/1"}],"replies":[{"embeddable":true,"href":"https:\/\/klubb.ungoteket.se\/orientering\/wp-json\/wp\/v2\/comments?post=2736"}],"version-history":[{"count":0,"href":"https:\/\/klubb.ungoteket.se\/orientering\/wp-json\/wp\/v2\/posts\/2736\/revisions"}],"wp:featuredmedia":[{"embeddable":true,"href":"https:\/\/klubb.ungoteket.se\/orientering\/wp-json\/wp\/v2\/media\/2737"}],"wp:attachment":[{"href":"https:\/\/klubb.ungoteket.se\/orientering\/wp-json\/wp\/v2\/media?parent=2736"}],"wp:term":[{"taxonomy":"category","embeddable":true,"href":"https:\/\/klubb.ungoteket.se\/orientering\/wp-json\/wp\/v2\/categories?post=2736"},{"taxonomy":"post_tag","embeddable":true,"href":"https:\/\/klubb.ungoteket.se\/orientering\/wp-json\/wp\/v2\/tags?post=2736"}],"curies":[{"name":"wp","href":"https:\/\/api.w.org\/{rel}","templated":true}]}}