{"id":2473,"date":"2018-11-27T10:30:20","date_gmt":"2018-11-27T09:30:20","guid":{"rendered":"https:\/\/klubb.ungoteket.se\/orientering\/?p=2473"},"modified":"2018-11-27T10:30:20","modified_gmt":"2018-11-27T09:30:20","slug":"aven-ungoteket-skane-har-startstamplat","status":"publish","type":"post","link":"https:\/\/klubb.ungoteket.se\/orientering\/2018\/11\/27\/aven-ungoteket-skane-har-startstamplat\/","title":{"rendered":"\u00c4ven Ungoteket Sk\u00e5ne har startst\u00e4mplat"},"content":{"rendered":"<p>I helgen var det kick off f\u00f6r f\u00f6r de 15 deltagarna som \u00e4r med i Ungoteket Sk\u00e5ne. Ungdomar fr\u00e5n\u00a0Esl\u00f6vs FK, Hj\u00e4rnarps OL, Lunds OK och \u00d6rkelljunga FK samlades p\u00e5 Backag\u00e5rden i H\u00f6\u00f6r f\u00f6r att umg\u00e5s under en helg och samtidigt f\u00e5 en inblick i tema Idrottsf\u00f6reningen och Information &amp; kommunikation.<\/p>\n<p>&#8211; Det pratades riktigt mycket och jag tror att m\u00e5nga gick d\u00e4rifr\u00e5n med massvis med nya id\u00e9er och tankar, summerar Axel Matsson som \u00e4r projektledare f\u00f6r Ungoteket Sk\u00e5ne.<\/p>\n<p>Samtidigt p\u00e5 Backag\u00e5rden arrangerades Sk\u00e5ne Orienteringsf\u00f6rbunds h\u00f6sttr\u00e4ff f\u00f6r f\u00f6reningsledare och andra engagerade, vilket skapade m\u00f6jligheter f\u00f6r erfarenhetsutbyten:<\/p>\n<p>&#8211; Under lunchen fick alla m\u00f6jlighet att n\u00e4tverka med sina klubbar och ta hj\u00e4lp av dem f\u00f6r att svara p\u00e5 fr\u00e5gor om hur klubben \u00e4r organiserad, hur man kommunicerar inom klubben och ut\u00e5t och t\u00e4nka lite kring vad som kan f\u00f6r\u00e4ndras i klubben, ber\u00e4ttar Axel.<\/p>\n<p>Tema Information och kommunikation genomf\u00f6rdes p\u00e5 ett f\u00f6r Ungoteket nytt s\u00e4tt, n\u00e4mligen (passande nog) p\u00e5 distans med hj\u00e4lp av teknikens under. Tekniken fungerade, som Axel uttryckte det, f\u00f6r en g\u00e5ngs skull utan att kr\u00e5ngla och Benjamin Edlund fr\u00e5n Mebia kunde inspirera deltagarna fr\u00e5n sin plats i Bor\u00e5s.<\/p>\n<p>N\u00e4sta g\u00e5ng Ungotekarna fr\u00e5n Sk\u00e5ne tr\u00e4ffas blir 9-10 februari och d\u00e5 \u00e4r det dags f\u00f6r Ledarskap, Arrangera och Orienterings-IT.<\/p>\n<p><img loading=\"lazy\" decoding=\"async\" class=\"alignnone size-large wp-image-2475\" src=\"https:\/\/klubb.ungoteket.se\/orientering\/wp-content\/uploads\/sites\/4\/2018\/11\/Bild-2-1030x579.jpg\" alt=\"\" width=\"1030\" height=\"579\" srcset=\"https:\/\/klubb.ungoteket.se\/orientering\/wp-content\/uploads\/sites\/4\/2018\/11\/Bild-2-1030x579.jpg 1030w, https:\/\/klubb.ungoteket.se\/orientering\/wp-content\/uploads\/sites\/4\/2018\/11\/Bild-2-300x169.jpg 300w, https:\/\/klubb.ungoteket.se\/orientering\/wp-content\/uploads\/sites\/4\/2018\/11\/Bild-2-768x432.jpg 768w, https:\/\/klubb.ungoteket.se\/orientering\/wp-content\/uploads\/sites\/4\/2018\/11\/Bild-2-1500x844.jpg 1500w, https:\/\/klubb.ungoteket.se\/orientering\/wp-content\/uploads\/sites\/4\/2018\/11\/Bild-2-705x397.jpg 705w, https:\/\/klubb.ungoteket.se\/orientering\/wp-content\/uploads\/sites\/4\/2018\/11\/Bild-2-450x253.jpg 450w, https:\/\/klubb.ungoteket.se\/orientering\/wp-content\/uploads\/sites\/4\/2018\/11\/Bild-2.jpg 2048w\" sizes=\"(max-width: 1030px) 100vw, 1030px\" \/><\/p>\n","protected":false},"excerpt":{"rendered":"<p>I helgen var det kick off f\u00f6r f\u00f6r de 15 deltagarna som \u00e4r med i Ungoteket Sk\u00e5ne. Ungdomar fr\u00e5n\u00a0Esl\u00f6vs FK, Hj\u00e4rnarps OL, Lunds OK och \u00d6rkelljunga FK samlades p\u00e5 Backag\u00e5rden i H\u00f6\u00f6r f\u00f6r att umg\u00e5s under en helg och samtidigt f\u00e5 en inblick i tema Idrottsf\u00f6reningen och Information &amp; kommunikation. &#8211; Det pratades riktigt mycket [&hellip;]<\/p>\n","protected":false},"author":1,"featured_media":2474,"comment_status":"closed","ping_status":"closed","sticky":false,"template":"","format":"standard","meta":{"footnotes":""},"categories":[1],"tags":[],"_links":{"self":[{"href":"https:\/\/klubb.ungoteket.se\/orientering\/wp-json\/wp\/v2\/posts\/2473"}],"collection":[{"href":"https:\/\/klubb.ungoteket.se\/orientering\/wp-json\/wp\/v2\/posts"}],"about":[{"href":"https:\/\/klubb.ungoteket.se\/orientering\/wp-json\/wp\/v2\/types\/post"}],"author":[{"embeddable":true,"href":"https:\/\/klubb.ungoteket.se\/orientering\/wp-json\/wp\/v2\/users\/1"}],"replies":[{"embeddable":true,"href":"https:\/\/klubb.ungoteket.se\/orientering\/wp-json\/wp\/v2\/comments?post=2473"}],"version-history":[{"count":0,"href":"https:\/\/klubb.ungoteket.se\/orientering\/wp-json\/wp\/v2\/posts\/2473\/revisions"}],"wp:featuredmedia":[{"embeddable":true,"href":"https:\/\/klubb.ungoteket.se\/orientering\/wp-json\/wp\/v2\/media\/2474"}],"wp:attachment":[{"href":"https:\/\/klubb.ungoteket.se\/orientering\/wp-json\/wp\/v2\/media?parent=2473"}],"wp:term":[{"taxonomy":"category","embeddable":true,"href":"https:\/\/klubb.ungoteket.se\/orientering\/wp-json\/wp\/v2\/categories?post=2473"},{"taxonomy":"post_tag","embeddable":true,"href":"https:\/\/klubb.ungoteket.se\/orientering\/wp-json\/wp\/v2\/tags?post=2473"}],"curies":[{"name":"wp","href":"https:\/\/api.w.org\/{rel}","templated":true}]}}