{"id":2462,"date":"2018-11-26T15:17:39","date_gmt":"2018-11-26T14:17:39","guid":{"rendered":"https:\/\/klubb.ungoteket.se\/orientering\/?p=2462"},"modified":"2018-11-26T15:19:03","modified_gmt":"2018-11-26T14:19:03","slug":"manga-bollar-i-luften-pa-forsta-traffen","status":"publish","type":"post","link":"https:\/\/klubb.ungoteket.se\/orientering\/2018\/11\/26\/manga-bollar-i-luften-pa-forsta-traffen\/","title":{"rendered":"M\u00e5nga bollar i luften n\u00e4r Ungoteket V\u00e4st hade premi\u00e4r"},"content":{"rendered":"<p>I l\u00f6rdags tr\u00e4ffades n\u00e5gra av deltagarna i Ungoteket V\u00e4st 2018-19 f\u00f6r den f\u00f6rsta tr\u00e4ffen med Ungoteket. V\u00e4sterg\u00f6tlands Orienteringsf\u00f6rbund arrangerade samtidigt M\u00f6tesplatsen i Vara, d\u00e4r olika orienteringsledare tr\u00e4ffades f\u00f6r att utvecklas inom sina respektive omr\u00e5den, s\u00e5 det var ett bra tillf\u00e4lle att \u00e4ven ha Ungotekettr\u00e4ff.<\/p>\n<p><img loading=\"lazy\" decoding=\"async\" class=\"alignnone size-full wp-image-2467\" src=\"https:\/\/klubb.ungoteket.se\/orientering\/wp-content\/uploads\/sites\/4\/2018\/11\/IMG_2271.jpg\" alt=\"\" width=\"750\" height=\"745\" srcset=\"https:\/\/klubb.ungoteket.se\/orientering\/wp-content\/uploads\/sites\/4\/2018\/11\/IMG_2271.jpg 750w, https:\/\/klubb.ungoteket.se\/orientering\/wp-content\/uploads\/sites\/4\/2018\/11\/IMG_2271-80x80.jpg 80w, https:\/\/klubb.ungoteket.se\/orientering\/wp-content\/uploads\/sites\/4\/2018\/11\/IMG_2271-300x298.jpg 300w, https:\/\/klubb.ungoteket.se\/orientering\/wp-content\/uploads\/sites\/4\/2018\/11\/IMG_2271-36x36.jpg 36w, https:\/\/klubb.ungoteket.se\/orientering\/wp-content\/uploads\/sites\/4\/2018\/11\/IMG_2271-180x180.jpg 180w, https:\/\/klubb.ungoteket.se\/orientering\/wp-content\/uploads\/sites\/4\/2018\/11\/IMG_2271-705x700.jpg 705w, https:\/\/klubb.ungoteket.se\/orientering\/wp-content\/uploads\/sites\/4\/2018\/11\/IMG_2271-120x120.jpg 120w, https:\/\/klubb.ungoteket.se\/orientering\/wp-content\/uploads\/sites\/4\/2018\/11\/IMG_2271-450x447.jpg 450w\" sizes=\"(max-width: 750px) 100vw, 750px\" \/><\/p>\n<p>Dagens Ungoteketteman var Idrottsf\u00f6reningen och F\u00f6reningsprojektet. Detta innebar att de 13 deltagarna och fyra mentorerna fr\u00e5n Hestra IF, OK Gisle och OK Landehof fick l\u00e4ra sig om hur svensk idrott \u00e4r organiserad, diskutera hur orienteringen kan tr\u00e4na och t\u00e4vla p\u00e5 nya s\u00e4tt, hur vi kan inkludera fler och vad en modern f\u00f6rening \u00e4r samt l\u00e4ra oss om hur en f\u00f6rening fungerar. Detta varvades med \u00f6vningar, diskussioner och en och annan lek. Oavsett om det g\u00e4llde att fundera \u00f6ver rullstolssprint, f\u00e5nga en pappersboll eller att m\u00e5la av varandra utan att titta, s\u00e5 gick deltagarna in f\u00f6r uppgiften med st\u00f6rsta m\u00f6jliga engagemang. Kloka tankar blandades med roliga kommentarer och dagen bj\u00f6d p\u00e5 m\u00e5nga skratt.<\/p>\n<p><img loading=\"lazy\" decoding=\"async\" class=\"alignnone size-large wp-image-2463\" src=\"https:\/\/klubb.ungoteket.se\/orientering\/wp-content\/uploads\/sites\/4\/2018\/11\/IMG_2211-1030x773.jpg\" alt=\"\" width=\"1030\" height=\"773\" srcset=\"https:\/\/klubb.ungoteket.se\/orientering\/wp-content\/uploads\/sites\/4\/2018\/11\/IMG_2211-1030x773.jpg 1030w, https:\/\/klubb.ungoteket.se\/orientering\/wp-content\/uploads\/sites\/4\/2018\/11\/IMG_2211-300x225.jpg 300w, https:\/\/klubb.ungoteket.se\/orientering\/wp-content\/uploads\/sites\/4\/2018\/11\/IMG_2211-768x576.jpg 768w, https:\/\/klubb.ungoteket.se\/orientering\/wp-content\/uploads\/sites\/4\/2018\/11\/IMG_2211-1500x1125.jpg 1500w, https:\/\/klubb.ungoteket.se\/orientering\/wp-content\/uploads\/sites\/4\/2018\/11\/IMG_2211-705x529.jpg 705w, https:\/\/klubb.ungoteket.se\/orientering\/wp-content\/uploads\/sites\/4\/2018\/11\/IMG_2211-450x338.jpg 450w\" sizes=\"(max-width: 1030px) 100vw, 1030px\" \/><\/p>\n<p>Riksidrottsf\u00f6rbundet, Svenska Orienteringsf\u00f6rbundet och OK Gisle&#8230; Hur h\u00e4nger dem ihop?<\/p>\n<p><img loading=\"lazy\" decoding=\"async\" class=\"alignnone size-large wp-image-2466\" src=\"https:\/\/klubb.ungoteket.se\/orientering\/wp-content\/uploads\/sites\/4\/2018\/11\/IMG_2268-1030x579.png\" alt=\"\" width=\"1030\" height=\"579\" srcset=\"https:\/\/klubb.ungoteket.se\/orientering\/wp-content\/uploads\/sites\/4\/2018\/11\/IMG_2268-1030x579.png 1030w, https:\/\/klubb.ungoteket.se\/orientering\/wp-content\/uploads\/sites\/4\/2018\/11\/IMG_2268-300x169.png 300w, https:\/\/klubb.ungoteket.se\/orientering\/wp-content\/uploads\/sites\/4\/2018\/11\/IMG_2268-768x432.png 768w, https:\/\/klubb.ungoteket.se\/orientering\/wp-content\/uploads\/sites\/4\/2018\/11\/IMG_2268-705x396.png 705w, https:\/\/klubb.ungoteket.se\/orientering\/wp-content\/uploads\/sites\/4\/2018\/11\/IMG_2268-450x253.png 450w, https:\/\/klubb.ungoteket.se\/orientering\/wp-content\/uploads\/sites\/4\/2018\/11\/IMG_2268.png 1334w\" sizes=\"(max-width: 1030px) 100vw, 1030px\" \/><\/p>\n<p>Anton Josefsson (OK Gisle) och Tova Duell (Hestra IF) kunde konsten att ha m\u00e5nga bollar i luften.<\/p>\n<p>Eftermiddagen \u00e4gnades \u00e5t att fundera \u00f6ver f\u00f6reningsprojektet. De som \u00e4r med i Ungoteket f\u00e5r ju best\u00e4mma sig f\u00f6r ett eget projekt som de genomf\u00f6r tillsammans med sina f\u00f6reningsteam. Teamet f\u00e5r allts\u00e5 f\u00f6rverkliga sina egna id\u00e9er och f\u00e5r \u00e4ven direkt anv\u00e4ndning av sina nya kunskaper. Det f\u00f6rsta steget \u00e4r att best\u00e4mma sig f\u00f6r ett projekt. F\u00f6r att komma dit genomf\u00f6rdes en &#8221;brainstorming&#8221; d\u00e4r varje team skrev ner alla id\u00e9er de kunde komma p\u00e5, f\u00f6r att sedan se om det kom upp n\u00e5gon id\u00e9 som alla tyckte var bra. M\u00e5nga id\u00e9er stormades fram och n\u00e4r dagen var slut lutade det \u00e5t att bli en sprinttr\u00e4ning i mosse, ett tr\u00e4ningsl\u00e4ger med \u00f6vernattning och en ultral\u00e5ngdistanst\u00e4vling med masstart. Tre team och tre helt olika och sp\u00e4nnande id\u00e9er som vi kommer att f\u00e5 f\u00f6lja och uppleva under n\u00e4sta \u00e5r.<\/p>\n<p>Att f\u00e5 vara med om n\u00e4r s\u00e5dana h\u00e4r id\u00e9er f\u00f6ds \u00e4r ett privilegium f\u00f6r alla som deltar i Ungoteket. Och forts\u00e4ttningen \u00e4r \u00e4nnu b\u00e4ttre!<\/p>\n<p><img loading=\"lazy\" decoding=\"async\" class=\"alignnone size-large wp-image-2464\" src=\"https:\/\/klubb.ungoteket.se\/orientering\/wp-content\/uploads\/sites\/4\/2018\/11\/IMG_2234-1030x773.jpg\" alt=\"\" width=\"1030\" height=\"773\" srcset=\"https:\/\/klubb.ungoteket.se\/orientering\/wp-content\/uploads\/sites\/4\/2018\/11\/IMG_2234-1030x773.jpg 1030w, https:\/\/klubb.ungoteket.se\/orientering\/wp-content\/uploads\/sites\/4\/2018\/11\/IMG_2234-300x225.jpg 300w, https:\/\/klubb.ungoteket.se\/orientering\/wp-content\/uploads\/sites\/4\/2018\/11\/IMG_2234-768x576.jpg 768w, https:\/\/klubb.ungoteket.se\/orientering\/wp-content\/uploads\/sites\/4\/2018\/11\/IMG_2234-1500x1125.jpg 1500w, https:\/\/klubb.ungoteket.se\/orientering\/wp-content\/uploads\/sites\/4\/2018\/11\/IMG_2234-705x529.jpg 705w, https:\/\/klubb.ungoteket.se\/orientering\/wp-content\/uploads\/sites\/4\/2018\/11\/IMG_2234-450x338.jpg 450w\" sizes=\"(max-width: 1030px) 100vw, 1030px\" \/>H\u00e4r sp\u00e5nas det id\u00e9er hos Landehofteamet.<\/p>\n","protected":false},"excerpt":{"rendered":"<p>I l\u00f6rdags tr\u00e4ffades n\u00e5gra av deltagarna i Ungoteket V\u00e4st 2018-19 f\u00f6r den f\u00f6rsta tr\u00e4ffen med Ungoteket. V\u00e4sterg\u00f6tlands Orienteringsf\u00f6rbund arrangerade samtidigt M\u00f6tesplatsen i Vara, d\u00e4r olika orienteringsledare tr\u00e4ffades f\u00f6r att utvecklas inom sina respektive omr\u00e5den, s\u00e5 det var ett bra tillf\u00e4lle att \u00e4ven ha Ungotekettr\u00e4ff. Dagens Ungoteketteman var Idrottsf\u00f6reningen och F\u00f6reningsprojektet. Detta innebar att de 13 [&hellip;]<\/p>\n","protected":false},"author":1,"featured_media":2465,"comment_status":"closed","ping_status":"closed","sticky":false,"template":"","format":"standard","meta":{"footnotes":""},"categories":[1],"tags":[],"_links":{"self":[{"href":"https:\/\/klubb.ungoteket.se\/orientering\/wp-json\/wp\/v2\/posts\/2462"}],"collection":[{"href":"https:\/\/klubb.ungoteket.se\/orientering\/wp-json\/wp\/v2\/posts"}],"about":[{"href":"https:\/\/klubb.ungoteket.se\/orientering\/wp-json\/wp\/v2\/types\/post"}],"author":[{"embeddable":true,"href":"https:\/\/klubb.ungoteket.se\/orientering\/wp-json\/wp\/v2\/users\/1"}],"replies":[{"embeddable":true,"href":"https:\/\/klubb.ungoteket.se\/orientering\/wp-json\/wp\/v2\/comments?post=2462"}],"version-history":[{"count":0,"href":"https:\/\/klubb.ungoteket.se\/orientering\/wp-json\/wp\/v2\/posts\/2462\/revisions"}],"wp:featuredmedia":[{"embeddable":true,"href":"https:\/\/klubb.ungoteket.se\/orientering\/wp-json\/wp\/v2\/media\/2465"}],"wp:attachment":[{"href":"https:\/\/klubb.ungoteket.se\/orientering\/wp-json\/wp\/v2\/media?parent=2462"}],"wp:term":[{"taxonomy":"category","embeddable":true,"href":"https:\/\/klubb.ungoteket.se\/orientering\/wp-json\/wp\/v2\/categories?post=2462"},{"taxonomy":"post_tag","embeddable":true,"href":"https:\/\/klubb.ungoteket.se\/orientering\/wp-json\/wp\/v2\/tags?post=2462"}],"curies":[{"name":"wp","href":"https:\/\/api.w.org\/{rel}","templated":true}]}}