{"id":1764,"date":"2018-04-25T15:34:22","date_gmt":"2018-04-25T13:34:22","guid":{"rendered":"https:\/\/klubb.ungoteket.se\/orientering\/?p=1764"},"modified":"2018-04-25T15:34:22","modified_gmt":"2018-04-25T13:34:22","slug":"ungoteket-kommer-till-skane","status":"publish","type":"post","link":"https:\/\/klubb.ungoteket.se\/orientering\/2018\/04\/25\/ungoteket-kommer-till-skane\/","title":{"rendered":"Ungoteket kommer till Sk\u00e5ne"},"content":{"rendered":"<p>Det \u00e4r dags f\u00f6r Ungoteket att bryta ny mark. N\u00e4sta distrikt att starta upp Ungoteket p\u00e5 egen hand \u00e4r Sk\u00e5ne! F\u00f6rberedelser och marknadsf\u00f6ring p\u00e5g\u00e5r f\u00f6r fullt och tanken \u00e4r att unga orienterare i Sk\u00e5ne ska kunna anm\u00e4la sig redan i h\u00f6st. Initiativtagaren bakom Ungoteket i Sk\u00e5ne \u00e4r Anne Udd, styrelseledamot i Sk\u00e5nes OF. &#8221;Vi tycker det \u00e4r ett sp\u00e4nnande projekt och en bra metod att f\u00e5 unga orienterare att utveckla sig inom sporten och kanske p\u00e5 sikt bli ledare i sin klubb eller p\u00e5 annat s\u00e4tt bidra till att orienteringen g\u00e5r fram\u00e5t&#8221; ber\u00e4ttar Anne och till\u00e4gger: &#8221;Vi har f\u00f6rankrat id\u00e9n med f\u00f6reningarna via v\u00e5ra f\u00f6reningsledartr\u00e4ffar och \u00e4ven med v\u00e5rt SISU-ombud&#8221;.<\/p>\n<p>F\u00f6r att leda Ungoteket Sk\u00e5ne fram\u00e5t och locka till deltagande har Axel Matsson fr\u00e5n Hj\u00e4rnaps OL rekryterats som projektledare. Axel \u00e4r f\u00f6rutom att vara aktiv orienterare \u00e4ven tr\u00e4nare, suppleant i f\u00f6reningens styrelse och ledamot i ungdomskommitt\u00e9n. Om sina f\u00f6rv\u00e4ntningar p\u00e5 Ungoteket Sk\u00e5ne s\u00e4ger han: &#8221;Jag f\u00f6rv\u00e4ntar mig en del jobb och mycket mailande, en massa sp\u00e4nnande m\u00e4nniskor och grymt mycket gl\u00e4dje, perspektiv och engagemang. Att se en hel dr\u00f6s projekt av alla m\u00f6jliga slag v\u00e4xa fram, prata om f\u00f6reningslivet och hur det \u00e4r att vara tr\u00e4nare. Det ska bli hur kul som helst!&#8221;<\/p>\n<p>Axel tror starkt p\u00e5 Ungoteketkonceptet och menar att det ibland kan vara lite sv\u00e5rt att veta var man ska b\u00f6rja och var man ska v\u00e4nda sig om man vill ta steget in i f\u00f6reningslivet och in i orienteringen. &#8221;D\u00e5 \u00e4r Ungoteket prefekt, f\u00f6r d\u00e4r f\u00f6r man en snabbkurs i alla orienteringens best\u00e5ndsdelar och man f\u00e5r hitta p\u00e5 andra saker med sina orienteringskompisar \u00e4n vad man gjort innan, det \u00e4r ocks\u00e5 riktigt sp\u00e4nnande!&#8221;<\/p>\n<p>Axel tycker att Ungoteket \u00e4r ett gyllene tillf\u00e4lle att v\u00e4cka engagemang och intresse hos en otroligt viktig grupp i f\u00f6reningen, samtidigt som Ungoteket generera i massvis med nya perspektiv och tankar. &#8221;Ungoteket ger era ungdomar m\u00f6jligheten att ta ansvar och testa p\u00e5 alla de sidor av orienteringen som de kanske inte ser till vardags. Och vem vet vilken potential som finns dold inom just era ungdomar?&#8221;<\/p>\n<p>Till Sk\u00e5nes unga orienterare vill Axel skicka med en h\u00e4lsning: &#8221;Ta chansen! Ungoteket \u00e4r utan tvekan det b\u00e4sta s\u00e4ttet f\u00f6r att f\u00e5 en inblick i allt vad orientering inneb\u00e4r, oavsett om du \u00e4r supertaggad p\u00e5 en viss bit eller bara lite nyfiken p\u00e5 vad som d\u00f6ljer sig bakom kulisserna i denna underbara sport.&#8221;<\/p>\n<p>&nbsp;<\/p>\n<p>&nbsp;<\/p>\n","protected":false},"excerpt":{"rendered":"<p>Det \u00e4r dags f\u00f6r Ungoteket att bryta ny mark. N\u00e4sta distrikt att starta upp Ungoteket p\u00e5 egen hand \u00e4r Sk\u00e5ne! F\u00f6rberedelser och marknadsf\u00f6ring p\u00e5g\u00e5r f\u00f6r fullt och tanken \u00e4r att unga orienterare i Sk\u00e5ne ska kunna anm\u00e4la sig redan i h\u00f6st. Initiativtagaren bakom Ungoteket i Sk\u00e5ne \u00e4r Anne Udd, styrelseledamot i Sk\u00e5nes OF. &#8221;Vi tycker [&hellip;]<\/p>\n","protected":false},"author":1,"featured_media":1775,"comment_status":"closed","ping_status":"closed","sticky":false,"template":"","format":"standard","meta":{"footnotes":""},"categories":[1],"tags":[],"_links":{"self":[{"href":"https:\/\/klubb.ungoteket.se\/orientering\/wp-json\/wp\/v2\/posts\/1764"}],"collection":[{"href":"https:\/\/klubb.ungoteket.se\/orientering\/wp-json\/wp\/v2\/posts"}],"about":[{"href":"https:\/\/klubb.ungoteket.se\/orientering\/wp-json\/wp\/v2\/types\/post"}],"author":[{"embeddable":true,"href":"https:\/\/klubb.ungoteket.se\/orientering\/wp-json\/wp\/v2\/users\/1"}],"replies":[{"embeddable":true,"href":"https:\/\/klubb.ungoteket.se\/orientering\/wp-json\/wp\/v2\/comments?post=1764"}],"version-history":[{"count":0,"href":"https:\/\/klubb.ungoteket.se\/orientering\/wp-json\/wp\/v2\/posts\/1764\/revisions"}],"wp:featuredmedia":[{"embeddable":true,"href":"https:\/\/klubb.ungoteket.se\/orientering\/wp-json\/wp\/v2\/media\/1775"}],"wp:attachment":[{"href":"https:\/\/klubb.ungoteket.se\/orientering\/wp-json\/wp\/v2\/media?parent=1764"}],"wp:term":[{"taxonomy":"category","embeddable":true,"href":"https:\/\/klubb.ungoteket.se\/orientering\/wp-json\/wp\/v2\/categories?post=1764"},{"taxonomy":"post_tag","embeddable":true,"href":"https:\/\/klubb.ungoteket.se\/orientering\/wp-json\/wp\/v2\/tags?post=1764"}],"curies":[{"name":"wp","href":"https:\/\/api.w.org\/{rel}","templated":true}]}}