{"id":1702,"date":"2018-03-28T23:29:05","date_gmt":"2018-03-28T21:29:05","guid":{"rendered":"https:\/\/klubb.ungoteket.se\/orientering\/?p=1702"},"modified":"2018-03-28T23:29:05","modified_gmt":"2018-03-28T21:29:05","slug":"isbrytande-banlaggning-nar-ungoteket-kom-till-mosseberg","status":"publish","type":"post","link":"https:\/\/klubb.ungoteket.se\/orientering\/2018\/03\/28\/isbrytande-banlaggning-nar-ungoteket-kom-till-mosseberg\/","title":{"rendered":"Isbrytande banl\u00e4ggning n\u00e4r Ungoteket kom till M\u00f6sseberg"},"content":{"rendered":"<h5>Det \u00e4r p\u00e5sklov f\u00f6r skolorna i Falk\u00f6ping, Vara, Skara och Istrum. H\u00e4rifr\u00e5n kommer ungef\u00e4r 20 av \u00e5rets Ungotekare och under onsdagen spenderades en lovdag p\u00e5 M\u00f6sseberg i Falk\u00f6ping d\u00e4r det var dags att l\u00e4ra sig om banl\u00e4ggning.<\/h5>\n<p>Den h\u00e4r tr\u00e4ffen var den andra av tv\u00e5 banl\u00e4ggningstr\u00e4ffar (<a href=\"https:\/\/klubb.ungoteket.se\/orientering\/2018\/03\/19\/stort-engagemang-nar-det-bjods-pa-banlaggning-i-skatas\/\">l\u00e4s om den f\u00f6rsta h\u00e4r!<\/a>). F\u00f6r att underl\u00e4tta f\u00f6r f\u00f6reningarna som \u00e4r med i Ungoteket finns det tv\u00e5 datum att v\u00e4lja mellan f\u00f6r n\u00e4stan alla tr\u00e4ffar. Falk\u00f6pings AIK, IK Gandvik, Istrums SK och Ryda SK valde att genomf\u00f6ra banl\u00e4ggningstr\u00e4ffen p\u00e5 p\u00e5sklovet och sl\u00f6t upp i Liastugan p\u00e5 M\u00f6sseberg i Falk\u00f6ping, FAIK:arnas nyrenoverade och f\u00f6r Ungoteket alldeles f\u00f6rtr\u00e4ffliga klubbstuga.<\/p>\n<p>Precis som p\u00e5 f\u00f6rsta tr\u00e4ffen var det Bertil \u00c5kesson som ledde deltagarna genom grunderna i banl\u00e4ggning och programmet Purple Pen. Diskussioner om vad som g\u00f6r en orienteringsbana rolig och vilken distans man f\u00f6redrar varvades med att g\u00e5 igenom v\u00e4gval, s\u00e4kra uppf\u00e5ngare och planbild. F\u00f6r att bara n\u00e4mna en br\u00e5kdel.<\/p>\n<p>I sann Ungoteketanda v\u00e4ntade \u00e4ven en praktisk banl\u00e4ggnings\u00f6vning. Klubbarna lade f\u00f6rst var sin bana p\u00e5 gul eller orange niv\u00e5. Sedan skulle kontrollerna s\u00e4ttas ut och det sn\u00f6t\u00e4ckta berget bj\u00f6d p\u00e5 extra utmaningar d\u00e5 en del fick leta efter brunnar medan andra fick &#8221;tugga&#8221; sig genom sn\u00f6n d\u00e4r det egentligen skulle varit en stig.\u00a0Alla grupper fixade uppgiften med bravur och efter dusch och g\u00f3fika blev det banutv\u00e4rdering. Att g\u00e5 igenom vilka tankar som fanns bakom kontrollerna, varf\u00f6r det som var bra var just bra och om n\u00e5got kunde gjorts annorlunda \u00e4r lika l\u00e4rorikt som genomg\u00e5ngen innan och d\u00e4rf\u00f6r en viktig del av dagen.<\/p>\n<p>Bildkavalkad!<\/p>\n<p><img loading=\"lazy\" decoding=\"async\" class=\"alignnone size-large wp-image-1703\" src=\"https:\/\/klubb.ungoteket.se\/orientering\/wp-content\/uploads\/sites\/4\/2018\/03\/Lia1-1030x687.jpg\" alt=\"\" width=\"1030\" height=\"687\" srcset=\"https:\/\/klubb.ungoteket.se\/orientering\/wp-content\/uploads\/sites\/4\/2018\/03\/Lia1-1030x687.jpg 1030w, https:\/\/klubb.ungoteket.se\/orientering\/wp-content\/uploads\/sites\/4\/2018\/03\/Lia1-300x200.jpg 300w, https:\/\/klubb.ungoteket.se\/orientering\/wp-content\/uploads\/sites\/4\/2018\/03\/Lia1-768x512.jpg 768w, https:\/\/klubb.ungoteket.se\/orientering\/wp-content\/uploads\/sites\/4\/2018\/03\/Lia1-1500x1000.jpg 1500w, https:\/\/klubb.ungoteket.se\/orientering\/wp-content\/uploads\/sites\/4\/2018\/03\/Lia1-705x470.jpg 705w, https:\/\/klubb.ungoteket.se\/orientering\/wp-content\/uploads\/sites\/4\/2018\/03\/Lia1-450x300.jpg 450w\" sizes=\"(max-width: 1030px) 100vw, 1030px\" \/><\/p>\n<p>Tuva och Dea Sundmark (IK Gandvik) taggar inf\u00f6r teoridelen.<\/p>\n<p>&nbsp;<\/p>\n<p><img loading=\"lazy\" decoding=\"async\" class=\"alignnone size-large wp-image-1704\" src=\"https:\/\/klubb.ungoteket.se\/orientering\/wp-content\/uploads\/sites\/4\/2018\/03\/Lia2-1030x687.jpg\" alt=\"\" width=\"1030\" height=\"687\" srcset=\"https:\/\/klubb.ungoteket.se\/orientering\/wp-content\/uploads\/sites\/4\/2018\/03\/Lia2-1030x687.jpg 1030w, https:\/\/klubb.ungoteket.se\/orientering\/wp-content\/uploads\/sites\/4\/2018\/03\/Lia2-300x200.jpg 300w, https:\/\/klubb.ungoteket.se\/orientering\/wp-content\/uploads\/sites\/4\/2018\/03\/Lia2-768x512.jpg 768w, https:\/\/klubb.ungoteket.se\/orientering\/wp-content\/uploads\/sites\/4\/2018\/03\/Lia2-1500x1000.jpg 1500w, https:\/\/klubb.ungoteket.se\/orientering\/wp-content\/uploads\/sites\/4\/2018\/03\/Lia2-705x470.jpg 705w, https:\/\/klubb.ungoteket.se\/orientering\/wp-content\/uploads\/sites\/4\/2018\/03\/Lia2-450x300.jpg 450w\" sizes=\"(max-width: 1030px) 100vw, 1030px\" \/><\/p>\n<p>\u00c4r man b\u00e4st s\u00e5 \u00e4r man&#8230;<\/p>\n<p>&nbsp;<\/p>\n<p><img loading=\"lazy\" decoding=\"async\" class=\"alignnone size-large wp-image-1706\" src=\"https:\/\/klubb.ungoteket.se\/orientering\/wp-content\/uploads\/sites\/4\/2018\/03\/Lia4-1030x687.jpg\" alt=\"\" width=\"1030\" height=\"687\" srcset=\"https:\/\/klubb.ungoteket.se\/orientering\/wp-content\/uploads\/sites\/4\/2018\/03\/Lia4-1030x687.jpg 1030w, https:\/\/klubb.ungoteket.se\/orientering\/wp-content\/uploads\/sites\/4\/2018\/03\/Lia4-300x200.jpg 300w, https:\/\/klubb.ungoteket.se\/orientering\/wp-content\/uploads\/sites\/4\/2018\/03\/Lia4-768x512.jpg 768w, https:\/\/klubb.ungoteket.se\/orientering\/wp-content\/uploads\/sites\/4\/2018\/03\/Lia4-1500x1000.jpg 1500w, https:\/\/klubb.ungoteket.se\/orientering\/wp-content\/uploads\/sites\/4\/2018\/03\/Lia4-705x470.jpg 705w, https:\/\/klubb.ungoteket.se\/orientering\/wp-content\/uploads\/sites\/4\/2018\/03\/Lia4-450x300.jpg 450w\" sizes=\"(max-width: 1030px) 100vw, 1030px\" \/><\/p>\n<p>Kontrolluts\u00e4ttning med stil g\u00f6rs av Elin Danielsson och Mathilda Ahlstr\u00f6m fr\u00e5n Istrum.<\/p>\n<p>&nbsp;<\/p>\n<p><img loading=\"lazy\" decoding=\"async\" class=\"alignnone size-large wp-image-1707\" src=\"https:\/\/klubb.ungoteket.se\/orientering\/wp-content\/uploads\/sites\/4\/2018\/03\/Lia5-1030x687.jpg\" alt=\"\" width=\"1030\" height=\"687\" srcset=\"https:\/\/klubb.ungoteket.se\/orientering\/wp-content\/uploads\/sites\/4\/2018\/03\/Lia5-1030x687.jpg 1030w, https:\/\/klubb.ungoteket.se\/orientering\/wp-content\/uploads\/sites\/4\/2018\/03\/Lia5-300x200.jpg 300w, https:\/\/klubb.ungoteket.se\/orientering\/wp-content\/uploads\/sites\/4\/2018\/03\/Lia5-768x512.jpg 768w, https:\/\/klubb.ungoteket.se\/orientering\/wp-content\/uploads\/sites\/4\/2018\/03\/Lia5-1500x1000.jpg 1500w, https:\/\/klubb.ungoteket.se\/orientering\/wp-content\/uploads\/sites\/4\/2018\/03\/Lia5-705x470.jpg 705w, https:\/\/klubb.ungoteket.se\/orientering\/wp-content\/uploads\/sites\/4\/2018\/03\/Lia5-450x300.jpg 450w\" sizes=\"(max-width: 1030px) 100vw, 1030px\" \/><\/p>\n<p>Kalle Inemyr (Istrums SK) f\u00e5r en annan grupps bana av Bertil att testspringa.<\/p>\n<p>&nbsp;<\/p>\n<p><img loading=\"lazy\" decoding=\"async\" class=\"alignnone size-large wp-image-1708\" src=\"https:\/\/klubb.ungoteket.se\/orientering\/wp-content\/uploads\/sites\/4\/2018\/03\/Lia6-1030x687.jpg\" alt=\"\" width=\"1030\" height=\"687\" srcset=\"https:\/\/klubb.ungoteket.se\/orientering\/wp-content\/uploads\/sites\/4\/2018\/03\/Lia6-1030x687.jpg 1030w, https:\/\/klubb.ungoteket.se\/orientering\/wp-content\/uploads\/sites\/4\/2018\/03\/Lia6-300x200.jpg 300w, https:\/\/klubb.ungoteket.se\/orientering\/wp-content\/uploads\/sites\/4\/2018\/03\/Lia6-768x512.jpg 768w, https:\/\/klubb.ungoteket.se\/orientering\/wp-content\/uploads\/sites\/4\/2018\/03\/Lia6-1500x1000.jpg 1500w, https:\/\/klubb.ungoteket.se\/orientering\/wp-content\/uploads\/sites\/4\/2018\/03\/Lia6-705x470.jpg 705w, https:\/\/klubb.ungoteket.se\/orientering\/wp-content\/uploads\/sites\/4\/2018\/03\/Lia6-450x300.jpg 450w\" sizes=\"(max-width: 1030px) 100vw, 1030px\" \/><\/p>\n<p>Gandviks Dea Sundmark och Hjalmar K\u00e4ll bj\u00f6d p\u00e5 spurt n\u00e4r kontrollerna var p\u00e5 plats.<\/p>\n<p>&nbsp;<\/p>\n<p><img loading=\"lazy\" decoding=\"async\" class=\"alignnone size-large wp-image-1710\" src=\"https:\/\/klubb.ungoteket.se\/orientering\/wp-content\/uploads\/sites\/4\/2018\/03\/Lia8-1030x687.jpg\" alt=\"\" width=\"1030\" height=\"687\" srcset=\"https:\/\/klubb.ungoteket.se\/orientering\/wp-content\/uploads\/sites\/4\/2018\/03\/Lia8-1030x687.jpg 1030w, https:\/\/klubb.ungoteket.se\/orientering\/wp-content\/uploads\/sites\/4\/2018\/03\/Lia8-300x200.jpg 300w, https:\/\/klubb.ungoteket.se\/orientering\/wp-content\/uploads\/sites\/4\/2018\/03\/Lia8-768x512.jpg 768w, https:\/\/klubb.ungoteket.se\/orientering\/wp-content\/uploads\/sites\/4\/2018\/03\/Lia8-1500x1000.jpg 1500w, https:\/\/klubb.ungoteket.se\/orientering\/wp-content\/uploads\/sites\/4\/2018\/03\/Lia8-705x470.jpg 705w, https:\/\/klubb.ungoteket.se\/orientering\/wp-content\/uploads\/sites\/4\/2018\/03\/Lia8-450x300.jpg 450w\" sizes=\"(max-width: 1030px) 100vw, 1030px\" \/><\/p>\n<p>Att ta in kontroller \u00e4r lika kul som att s\u00e4tta ut dem, om man f\u00e5r tro Tildas min.<\/p>\n<p>&nbsp;<\/p>\n<p><img loading=\"lazy\" decoding=\"async\" class=\"alignnone size-large wp-image-1709\" src=\"https:\/\/klubb.ungoteket.se\/orientering\/wp-content\/uploads\/sites\/4\/2018\/03\/Lia7-1030x687.jpg\" alt=\"\" width=\"1030\" height=\"687\" srcset=\"https:\/\/klubb.ungoteket.se\/orientering\/wp-content\/uploads\/sites\/4\/2018\/03\/Lia7-1030x687.jpg 1030w, https:\/\/klubb.ungoteket.se\/orientering\/wp-content\/uploads\/sites\/4\/2018\/03\/Lia7-300x200.jpg 300w, https:\/\/klubb.ungoteket.se\/orientering\/wp-content\/uploads\/sites\/4\/2018\/03\/Lia7-768x512.jpg 768w, https:\/\/klubb.ungoteket.se\/orientering\/wp-content\/uploads\/sites\/4\/2018\/03\/Lia7-1500x1000.jpg 1500w, https:\/\/klubb.ungoteket.se\/orientering\/wp-content\/uploads\/sites\/4\/2018\/03\/Lia7-705x470.jpg 705w, https:\/\/klubb.ungoteket.se\/orientering\/wp-content\/uploads\/sites\/4\/2018\/03\/Lia7-450x300.jpg 450w\" sizes=\"(max-width: 1030px) 100vw, 1030px\" \/><\/p>\n<p>Falk\u00f6pings Vera Wallin, Moa Skoog och Tilda Wiklund ber\u00e4ttar om hur banan blev som den blev.<\/p>\n","protected":false},"excerpt":{"rendered":"<p>Det \u00e4r p\u00e5sklov f\u00f6r skolorna i Falk\u00f6ping, Vara, Skara och Istrum. H\u00e4rifr\u00e5n kommer ungef\u00e4r 20 av \u00e5rets Ungotekare och under onsdagen spenderades en lovdag p\u00e5 M\u00f6sseberg i Falk\u00f6ping d\u00e4r det var dags att l\u00e4ra sig om banl\u00e4ggning. Den h\u00e4r tr\u00e4ffen var den andra av tv\u00e5 banl\u00e4ggningstr\u00e4ffar (l\u00e4s om den f\u00f6rsta h\u00e4r!). F\u00f6r att underl\u00e4tta f\u00f6r [&hellip;]<\/p>\n","protected":false},"author":1,"featured_media":1705,"comment_status":"closed","ping_status":"closed","sticky":false,"template":"","format":"standard","meta":{"footnotes":""},"categories":[1],"tags":[],"_links":{"self":[{"href":"https:\/\/klubb.ungoteket.se\/orientering\/wp-json\/wp\/v2\/posts\/1702"}],"collection":[{"href":"https:\/\/klubb.ungoteket.se\/orientering\/wp-json\/wp\/v2\/posts"}],"about":[{"href":"https:\/\/klubb.ungoteket.se\/orientering\/wp-json\/wp\/v2\/types\/post"}],"author":[{"embeddable":true,"href":"https:\/\/klubb.ungoteket.se\/orientering\/wp-json\/wp\/v2\/users\/1"}],"replies":[{"embeddable":true,"href":"https:\/\/klubb.ungoteket.se\/orientering\/wp-json\/wp\/v2\/comments?post=1702"}],"version-history":[{"count":0,"href":"https:\/\/klubb.ungoteket.se\/orientering\/wp-json\/wp\/v2\/posts\/1702\/revisions"}],"wp:featuredmedia":[{"embeddable":true,"href":"https:\/\/klubb.ungoteket.se\/orientering\/wp-json\/wp\/v2\/media\/1705"}],"wp:attachment":[{"href":"https:\/\/klubb.ungoteket.se\/orientering\/wp-json\/wp\/v2\/media?parent=1702"}],"wp:term":[{"taxonomy":"category","embeddable":true,"href":"https:\/\/klubb.ungoteket.se\/orientering\/wp-json\/wp\/v2\/categories?post=1702"},{"taxonomy":"post_tag","embeddable":true,"href":"https:\/\/klubb.ungoteket.se\/orientering\/wp-json\/wp\/v2\/tags?post=1702"}],"curies":[{"name":"wp","href":"https:\/\/api.w.org\/{rel}","templated":true}]}}