{"id":1683,"date":"2018-03-21T11:18:45","date_gmt":"2018-03-21T10:18:45","guid":{"rendered":"https:\/\/klubb.ungoteket.se\/orientering\/?p=1683"},"modified":"2018-03-21T13:35:25","modified_gmt":"2018-03-21T12:35:25","slug":"istrums-sk-har-startat-sin-ungoteketresa","status":"publish","type":"post","link":"https:\/\/klubb.ungoteket.se\/orientering\/2018\/03\/21\/istrums-sk-har-startat-sin-ungoteketresa\/","title":{"rendered":"Istrums SK har startat sin Ungoteketresa"},"content":{"rendered":"<h5>Istrums SK har \u00e5tta anm\u00e4lda ungdomar till Ungoteket i \u00e5r. De flesta av dem \u00e4r aktiva \u00e4ven i f\u00f6reningens l\u00e4ngdskidsektion och har d\u00e4rf\u00f6r inte kunnat delta p\u00e5 Ungotekets tr\u00e4ffar hittills. Nu \u00e4r skids\u00e4songen \u00f6ver, \u00e5tminstone t\u00e4vlingsm\u00e4ssigt, och Ungoteket kan dra i g\u00e5ng \u00e4ven f\u00f6r Istrum.<\/h5>\n<p>I tisdags kv\u00e4ll samlades Istrums stora Ungoteketg\u00e4ng i Istrumlyckan, f\u00f6reningens klubbstuga, f\u00f6r att dra ig\u00e5ng sin Ungoteketresa. Teamet best\u00e5r av \u00e5tta ungdomar, fem tjejer och tre killar, och de \u00e4r p\u00e5 s\u00e5 vis den st\u00f6rsta klubben i Ungoteket i \u00e5r. Att inte ge ungdomarna chansen att vara med i Ungoteket p\u00e5 grund av deras skidintresse k\u00e4ndes helt fel och d\u00e4rf\u00f6r har ett eget program planerats in f\u00f6r dem under v\u00e5ren. Ig\u00e5r var det s\u00e5 dags f\u00f6r den f\u00f6rsta tr\u00e4ffen och den inleddes av \u00c5sa Bogren och Evelina Blom fr\u00e5n SISU Idrottsutbildarna med temat Idrottsf\u00f6reningen. Hur idrottens organisationer h\u00e4nger ihop och samarbetar i Sverige \u00e4r inte helt l\u00e4tt att klura ut utan hj\u00e4lp, men den uppgiften fick deltagarna ta sig an fr\u00e5n start. Snart hade fr\u00e5getecknen r\u00e4tats ut med hj\u00e4lp av \u00c5sa och Evelina som gick vidare med att ber\u00e4tta om vad Riksidrottsf\u00f6rbundet, Svenska Orienteringsf\u00f6rbundet, V\u00e4sterg\u00f6tlands Orienteringsf\u00f6rbund, SISU Idrottsutbildarna och V\u00e4stra G\u00f6talands Idrottsf\u00f6rbund har f\u00f6r uppgifter. Istrumg\u00e4nget fick \u00e4ven en inblick i hur en f\u00f6rening fungerar, vem som best\u00e4mmer i en f\u00f6rening och varf\u00f6r det \u00e4r s\u00e5 bra att idrottsf\u00f6reningar finns.<\/p>\n<p>Avslutningsvis fick de chans att b\u00f6rja sp\u00e5na p\u00e5 f\u00f6reningsprojektet med hj\u00e4lp av en brainstormings\u00f6vning. Var och en fick fundera och skriva sina id\u00e9er p\u00e5 lappar som sedan sorterades och l\u00e4stes upp f\u00f6r gruppen. Och n\u00e5gon brist p\u00e5 id\u00e9er var det inte i det h\u00e4r g\u00e4nget. Sv\u00e5righeten blir nog snarare att best\u00e4mma sig f\u00f6r vilken av alla sp\u00e4nnande id\u00e9er som det blir till slut. Och det \u00e4r ju ett angen\u00e4mt problem!<\/p>\n<p>Redan p\u00e5 onsdag, 28 mars, ska Istrum iv\u00e4g p\u00e5 nya Ungoteket\u00e4ventyr. D\u00e5 \u00e4r det dags f\u00f6r banl\u00e4ggning tillsammans med IK Gandvik, Falk\u00f6pings AIK OK och Ryda SK.<\/p>\n<p><img loading=\"lazy\" decoding=\"async\" class=\"alignnone size-large wp-image-1691\" src=\"https:\/\/klubb.ungoteket.se\/orientering\/wp-content\/uploads\/sites\/4\/2018\/03\/Istrum3-1030x687.jpg\" alt=\"\" width=\"1030\" height=\"687\" srcset=\"https:\/\/klubb.ungoteket.se\/orientering\/wp-content\/uploads\/sites\/4\/2018\/03\/Istrum3-1030x687.jpg 1030w, https:\/\/klubb.ungoteket.se\/orientering\/wp-content\/uploads\/sites\/4\/2018\/03\/Istrum3-300x200.jpg 300w, https:\/\/klubb.ungoteket.se\/orientering\/wp-content\/uploads\/sites\/4\/2018\/03\/Istrum3-768x512.jpg 768w, https:\/\/klubb.ungoteket.se\/orientering\/wp-content\/uploads\/sites\/4\/2018\/03\/Istrum3-1500x1000.jpg 1500w, https:\/\/klubb.ungoteket.se\/orientering\/wp-content\/uploads\/sites\/4\/2018\/03\/Istrum3-705x470.jpg 705w, https:\/\/klubb.ungoteket.se\/orientering\/wp-content\/uploads\/sites\/4\/2018\/03\/Istrum3-450x300.jpg 450w\" sizes=\"(max-width: 1030px) 100vw, 1030px\" \/><\/p>\n<p>Brainstorming vid ett av borden: orienteringsaktivitet i skolan, l\u00e4ger, t\u00e4vling, tr\u00e4ning f\u00f6r klubbens f\u00f6r\u00e4ldrar, en tr\u00e4ningsdag med aktiviteter och f\u00f6rel\u00e4sning&#8230; var bara n\u00e5gra av id\u00e9erna.<\/p>\n<p><img loading=\"lazy\" decoding=\"async\" class=\"alignnone size-large wp-image-1690\" src=\"https:\/\/klubb.ungoteket.se\/orientering\/wp-content\/uploads\/sites\/4\/2018\/03\/Istrum2-1030x687.jpg\" alt=\"\" width=\"1030\" height=\"687\" srcset=\"https:\/\/klubb.ungoteket.se\/orientering\/wp-content\/uploads\/sites\/4\/2018\/03\/Istrum2-1030x687.jpg 1030w, https:\/\/klubb.ungoteket.se\/orientering\/wp-content\/uploads\/sites\/4\/2018\/03\/Istrum2-300x200.jpg 300w, https:\/\/klubb.ungoteket.se\/orientering\/wp-content\/uploads\/sites\/4\/2018\/03\/Istrum2-768x512.jpg 768w, https:\/\/klubb.ungoteket.se\/orientering\/wp-content\/uploads\/sites\/4\/2018\/03\/Istrum2-1500x1000.jpg 1500w, https:\/\/klubb.ungoteket.se\/orientering\/wp-content\/uploads\/sites\/4\/2018\/03\/Istrum2-705x470.jpg 705w, https:\/\/klubb.ungoteket.se\/orientering\/wp-content\/uploads\/sites\/4\/2018\/03\/Istrum2-450x300.jpg 450w\" sizes=\"(max-width: 1030px) 100vw, 1030px\" \/><\/p>\n<p>Brainstorming vid ett annat bord: h\u00e4r v\u00e4xer en helt ny t\u00e4vlingsform fram. Den som f\u00f6ljer Istrums Ungotekare f\u00e5r veta mer&#8230;<\/p>\n","protected":false},"excerpt":{"rendered":"<p>Istrums SK har \u00e5tta anm\u00e4lda ungdomar till Ungoteket i \u00e5r. De flesta av dem \u00e4r aktiva \u00e4ven i f\u00f6reningens l\u00e4ngdskidsektion och har d\u00e4rf\u00f6r inte kunnat delta p\u00e5 Ungotekets tr\u00e4ffar hittills. Nu \u00e4r skids\u00e4songen \u00f6ver, \u00e5tminstone t\u00e4vlingsm\u00e4ssigt, och Ungoteket kan dra i g\u00e5ng \u00e4ven f\u00f6r Istrum. I tisdags kv\u00e4ll samlades Istrums stora Ungoteketg\u00e4ng i Istrumlyckan, f\u00f6reningens [&hellip;]<\/p>\n","protected":false},"author":1,"featured_media":1689,"comment_status":"closed","ping_status":"closed","sticky":false,"template":"","format":"standard","meta":{"footnotes":""},"categories":[1],"tags":[],"_links":{"self":[{"href":"https:\/\/klubb.ungoteket.se\/orientering\/wp-json\/wp\/v2\/posts\/1683"}],"collection":[{"href":"https:\/\/klubb.ungoteket.se\/orientering\/wp-json\/wp\/v2\/posts"}],"about":[{"href":"https:\/\/klubb.ungoteket.se\/orientering\/wp-json\/wp\/v2\/types\/post"}],"author":[{"embeddable":true,"href":"https:\/\/klubb.ungoteket.se\/orientering\/wp-json\/wp\/v2\/users\/1"}],"replies":[{"embeddable":true,"href":"https:\/\/klubb.ungoteket.se\/orientering\/wp-json\/wp\/v2\/comments?post=1683"}],"version-history":[{"count":0,"href":"https:\/\/klubb.ungoteket.se\/orientering\/wp-json\/wp\/v2\/posts\/1683\/revisions"}],"wp:featuredmedia":[{"embeddable":true,"href":"https:\/\/klubb.ungoteket.se\/orientering\/wp-json\/wp\/v2\/media\/1689"}],"wp:attachment":[{"href":"https:\/\/klubb.ungoteket.se\/orientering\/wp-json\/wp\/v2\/media?parent=1683"}],"wp:term":[{"taxonomy":"category","embeddable":true,"href":"https:\/\/klubb.ungoteket.se\/orientering\/wp-json\/wp\/v2\/categories?post=1683"},{"taxonomy":"post_tag","embeddable":true,"href":"https:\/\/klubb.ungoteket.se\/orientering\/wp-json\/wp\/v2\/tags?post=1683"}],"curies":[{"name":"wp","href":"https:\/\/api.w.org\/{rel}","templated":true}]}}